{"id":232554,"date":"2011-08-08T06:11:29","date_gmt":"2011-08-08T06:11:29","guid":{"rendered":"https:\/\/archivio.cercoiltuovolto.it\/?p=232554"},"modified":"2011-08-08T06:11:29","modified_gmt":"2011-08-08T06:11:29","slug":"commento-al-vangelo-di-domenica-14-agosto-2011-p-fernando-armellini","status":"publish","type":"post","link":"https:\/\/archivio.cercoiltuovolto.it\/?p=232554","title":{"rendered":"Commento al Vangelo di domenica 14 agosto 2011 &#8211; p. Fernando Armellini"},"content":{"rendered":"<p style=\"text-align: center;\"><a href=\"http:\/\/www.cercoiltuovolto.it\/wp-content\/uploads\/2010\/11\/armellini.png\"><img loading=\"lazy\" decoding=\"async\" class=\"aligncenter size-full wp-image-15492\" style=\"border: 0pt none;\" title=\"p. Fernando Armellini\" src=\"http:\/\/www.cercoiltuovolto.it\/wp-content\/uploads\/2010\/11\/armellini.png\" alt=\"\" width=\"475\" height=\"132\" \/><\/a><\/p>\n<p><a href=\"http:\/\/www.dehoniani.it\/fernando\/\">Padre Fernando Armellini, biblista Dehoniano<\/a>, commenta  il Vangelo di domenica prossima.<\/p>\n<blockquote style=\"text-align: justify;\">\n<p><em>Mt 15, 21-28<\/em><br \/><em>Dal Vangelo secondo\u00a0Matteo<\/em><br \/>In quel tempo, partito di l\u00e0, Ges\u00f9 si ritir\u00f2 verso la zona di Tiro e di Sid\u00f2ne. Ed ecco una donna Canan\u00e8a, che veniva da quella regione, si mise a gridare: \u00abPiet\u00e0 di me, Signore, figlio di Davide! Mia figlia \u00e8 molto tormentata da un demonio\u00bb. Ma egli non le rivolse neppure una parola.<br \/>Allora i suoi discepoli gli si avvicinarono e lo implorarono: \u00abEsaudiscila, perch\u00e9 ci viene dietro gridando!\u00bb. Egli rispose: \u00abNon sono stato mandato se non alle pecore perdute della casa d\u2019Israele\u00bb.<br \/>Ma quella si avvicin\u00f2 e si prostr\u00f2 dinanzi a lui, dicendo: \u00abSignore, aiutami!\u00bb. Ed egli rispose: \u00abNon \u00e8 bene prendere il pane dei figli e gettarlo ai cagnolini\u00bb. \u00ab\u00c8 vero, Signore \u2013 disse la donna \u2013, eppure i cagnolini mangiano le briciole che cadono dalla tavola dei loro padroni\u00bb.<br \/>Allora Ges\u00f9 le replic\u00f2: \u00abDonna, grande \u00e8 la tua fede! Avvenga per te come desideri\u00bb. E da quell\u2019istante sua figlia fu guarita.<br \/>C: Parola del Signore.<br \/>A: Lode a Te o Cristo.<\/p>\n<\/blockquote>\n<p class=\"link\" style=\"text-align: left;\"><a href=\"http:\/\/www.youtube.com\/watch?v=XbA55ED8FxM\">Link al video<\/a><\/p>\n","protected":false},"excerpt":{"rendered":"<p>Padre Fernando Armellini, biblista Dehoniano, commenta il Vangelo di domenica prossima. Mt 15, 21-28Dal Vangelo secondo\u00a0MatteoIn quel tempo, partito di l\u00e0, Ges\u00f9 si ritir\u00f2 verso la zona di Tiro e di Sid\u00f2ne. Ed ecco una donna Canan\u00e8a, che veniva da quella regione, si mise a gridare: \u00abPiet\u00e0 di me, Signore, figlio di Davide! Mia figlia&#8230;<\/p>\n","protected":false},"author":3,"featured_media":0,"comment_status":"closed","ping_status":"closed","sticky":false,"template":"","format":"standard","meta":{"_kad_post_transparent":"","_kad_post_title":"","_kad_post_layout":"","_kad_post_sidebar_id":"","_kad_post_content_style":"","_kad_post_vertical_padding":"","_kad_post_feature":"","_kad_post_feature_position":"","_kad_post_header":false,"_kad_post_footer":false,"_kad_post_classname":"","footnotes":""},"categories":[101,147],"tags":[429,172,83],"class_list":["post-232554","post","type-post","status-publish","format-standard","hentry","category-101","category-commento-al-vangelo","tag-p-fernando-armellini","tag-vangelo-della-domenica","tag-youtube"],"_links":{"self":[{"href":"https:\/\/archivio.cercoiltuovolto.it\/index.php?rest_route=\/wp\/v2\/posts\/232554","targetHints":{"allow":["GET"]}}],"collection":[{"href":"https:\/\/archivio.cercoiltuovolto.it\/index.php?rest_route=\/wp\/v2\/posts"}],"about":[{"href":"https:\/\/archivio.cercoiltuovolto.it\/index.php?rest_route=\/wp\/v2\/types\/post"}],"author":[{"embeddable":true,"href":"https:\/\/archivio.cercoiltuovolto.it\/index.php?rest_route=\/wp\/v2\/users\/3"}],"replies":[{"embeddable":true,"href":"https:\/\/archivio.cercoiltuovolto.it\/index.php?rest_route=%2Fwp%2Fv2%2Fcomments&post=232554"}],"version-history":[{"count":0,"href":"https:\/\/archivio.cercoiltuovolto.it\/index.php?rest_route=\/wp\/v2\/posts\/232554\/revisions"}],"wp:attachment":[{"href":"https:\/\/archivio.cercoiltuovolto.it\/index.php?rest_route=%2Fwp%2Fv2%2Fmedia&parent=232554"}],"wp:term":[{"taxonomy":"category","embeddable":true,"href":"https:\/\/archivio.cercoiltuovolto.it\/index.php?rest_route=%2Fwp%2Fv2%2Fcategories&post=232554"},{"taxonomy":"post_tag","embeddable":true,"href":"https:\/\/archivio.cercoiltuovolto.it\/index.php?rest_route=%2Fwp%2Fv2%2Ftags&post=232554"}],"curies":[{"name":"wp","href":"https:\/\/api.w.org\/{rel}","templated":true}]}}