{"id":232547,"date":"2011-08-03T06:02:08","date_gmt":"2011-08-03T06:02:08","guid":{"rendered":"https:\/\/archivio.cercoiltuovolto.it\/?p=232547"},"modified":"2011-08-03T06:02:08","modified_gmt":"2011-08-03T06:02:08","slug":"commento-al-vangelo-del-7-agosto-2011-don-domenico-luciani","status":"publish","type":"post","link":"https:\/\/archivio.cercoiltuovolto.it\/?p=232547","title":{"rendered":"Commento al Vangelo del 7 agosto 2011 &#8211; don Domenico Luciani"},"content":{"rendered":"<p style=\"text-align: center;\">\n<p>Commento al Vangelo della XIX Domenica del Tempo Ordinario a cura di don Domenico Luciani della <a href=\"http:\/\/www.sabinasantacroce.org\/\">Parrocchia Santa Croce a Passo Corese<\/a> (RI).<\/p>\n<blockquote style=\"text-align: justify;\">\n<p><em>Mt 14, 22-33<\/em><br \/><em>Dal Vangelo secondo\u00a0Matteo<\/em><br \/>[Dopo che la folla ebbe mangiato], subito Ges\u00f9 costrinse i discepoli a salire sulla barca e a precederlo sull\u2019altra riva, finch\u00e9 non avesse congedato la folla. Congedata la folla, sal\u00ec sul monte, in disparte, a pregare. Venuta la sera, egli se ne stava lass\u00f9, da solo.<br \/>La barca intanto distava gi\u00e0 molte miglia da terra ed era agitata dalle onde: il vento infatti era contrario. Sul finire della notte egli and\u00f2 verso di loro camminando sul mare. Vedendolo camminare sul mare, i discepoli furono sconvolti e dissero: \u00ab\u00c8 un fantasma!\u00bb e gridarono dalla paura. Ma subito Ges\u00f9 parl\u00f2 loro dicendo: \u00abCoraggio, sono io, non abbiate paura!\u00bb.<br \/>Pietro allora gli rispose: \u00abSignore, se sei tu, comandami di venire verso di te sulle acque\u00bb. Ed egli disse: \u00abVieni!\u00bb. Pietro scese dalla barca, si mise a camminare sulle acque e and\u00f2 verso Ges\u00f9. Ma, vedendo che il vento era forte, s\u2019impaur\u00ec e, cominciando ad affondare, grid\u00f2: \u00abSignore, salvami!\u00bb. E subito Ges\u00f9 tese la mano, lo afferr\u00f2 e gli disse: \u00abUomo di poca fede, perch\u00e9 hai dubitato?\u00bb.<br \/>Appena saliti sulla barca, il vento cess\u00f2. Quelli che erano sulla barca si prostrarono davanti a lui, dicendo: \u00abDavvero tu sei Figlio di Dio!\u00bb.<br \/>C: Parola del Signore.<br \/>A: Lode a Te o Cristo.<\/p>\n<\/blockquote>\n<p class=\"podcast\" style=\"text-align: left;\">Scarica il file mp3<\/p>\n<p class=\"link\" style=\"text-align: left;\"><a href=\"http:\/\/www.youtube.com\/watch?v=oItqc4jy22c\">Link al video<\/a><\/p>\n<p class=\"link\">Sito web: <a href=\"http:\/\/www.sabinasantacroce.org\">Parrocchia Santa Croce<\/a><\/p>\n<p>&nbsp;<\/p>\n","protected":false},"excerpt":{"rendered":"<p>Commento al Vangelo della XIX Domenica del Tempo Ordinario a cura di don Domenico Luciani della Parrocchia Santa Croce a Passo Corese (RI).<\/p>\n","protected":false},"author":3,"featured_media":0,"comment_status":"closed","ping_status":"closed","sticky":false,"template":"","format":"standard","meta":{"_kad_post_transparent":"","_kad_post_title":"","_kad_post_layout":"","_kad_post_sidebar_id":"","_kad_post_content_style":"","_kad_post_vertical_padding":"","_kad_post_feature":"","_kad_post_feature_position":"","_kad_post_header":false,"_kad_post_footer":false,"_kad_post_classname":"","footnotes":""},"categories":[101,147],"tags":[172,83],"class_list":["post-232547","post","type-post","status-publish","format-standard","hentry","category-101","category-commento-al-vangelo","tag-vangelo-della-domenica","tag-youtube"],"_links":{"self":[{"href":"https:\/\/archivio.cercoiltuovolto.it\/index.php?rest_route=\/wp\/v2\/posts\/232547","targetHints":{"allow":["GET"]}}],"collection":[{"href":"https:\/\/archivio.cercoiltuovolto.it\/index.php?rest_route=\/wp\/v2\/posts"}],"about":[{"href":"https:\/\/archivio.cercoiltuovolto.it\/index.php?rest_route=\/wp\/v2\/types\/post"}],"author":[{"embeddable":true,"href":"https:\/\/archivio.cercoiltuovolto.it\/index.php?rest_route=\/wp\/v2\/users\/3"}],"replies":[{"embeddable":true,"href":"https:\/\/archivio.cercoiltuovolto.it\/index.php?rest_route=%2Fwp%2Fv2%2Fcomments&post=232547"}],"version-history":[{"count":0,"href":"https:\/\/archivio.cercoiltuovolto.it\/index.php?rest_route=\/wp\/v2\/posts\/232547\/revisions"}],"wp:attachment":[{"href":"https:\/\/archivio.cercoiltuovolto.it\/index.php?rest_route=%2Fwp%2Fv2%2Fmedia&parent=232547"}],"wp:term":[{"taxonomy":"category","embeddable":true,"href":"https:\/\/archivio.cercoiltuovolto.it\/index.php?rest_route=%2Fwp%2Fv2%2Fcategories&post=232547"},{"taxonomy":"post_tag","embeddable":true,"href":"https:\/\/archivio.cercoiltuovolto.it\/index.php?rest_route=%2Fwp%2Fv2%2Ftags&post=232547"}],"curies":[{"name":"wp","href":"https:\/\/api.w.org\/{rel}","templated":true}]}}