{"id":232532,"date":"2011-07-28T20:02:13","date_gmt":"2011-07-28T20:02:13","guid":{"rendered":"https:\/\/archivio.cercoiltuovolto.it\/?p=232532"},"modified":"2011-07-28T20:02:13","modified_gmt":"2011-07-28T20:02:13","slug":"commento-al-vangelo-del-31-luglio-2011-don-domenico-luciani","status":"publish","type":"post","link":"https:\/\/archivio.cercoiltuovolto.it\/?p=232532","title":{"rendered":"Commento al Vangelo del 31 luglio 2011 &#8211; don Domenico Luciani"},"content":{"rendered":"<p style=\"text-align: center;\">\n<p>Commento al Vangelo della XVIII Domenica del Tempo Ordinario a cura di don Domenico Luciani della <a href=\"http:\/\/www.sabinasantacroce.org\/\">Parrocchia Santa Croce a Passo Corese<\/a> (RI).<\/p>\n<blockquote style=\"text-align: justify;\">\n<p><em><em>Mt 14, 13-21<\/em><br \/><em>Dal Vangelo secondo\u00a0Matteo<\/em><br \/>In quel tempo, avendo udito [della morte di Giovanni Battista], Ges\u00f9 part\u00ec di l\u00e0 su una barca e si ritir\u00f2 in un luogo deserto, in disparte.<br \/>Ma le folle, avendolo saputo, lo seguirono a piedi dalle citt\u00e0. Sceso dalla barca, egli vide una grande folla, sent\u00ec compassione per loro e guar\u00ec i loro malati.<br \/>Sul far della sera, gli si avvicinarono i discepoli e gli dissero: \u00abIl luogo \u00e8 deserto ed \u00e8 ormai tardi; congeda la folla perch\u00e9 vada nei villaggi a comprarsi da mangiare\u00bb. Ma Ges\u00f9 disse loro: \u00abNon occorre che vadano; voi stessi date loro da mangiare\u00bb. Gli risposero: \u00abQui non abbiamo altro che cinque pani e due pesci!\u00bb. Ed egli disse: \u00abPortatemeli qui\u00bb.<br \/>E, dopo aver ordinato alla folla di sedersi sull\u2019erba, prese i cinque pani e i due pesci, alz\u00f2 gli occhi al cielo, recit\u00f2 la benedizione, spezz\u00f2 i pani e li diede ai discepoli, e i discepoli alla folla.<br \/>Tutti mangiarono a saziet\u00e0, e portarono via i pezzi avanzati: dodici ceste piene. Quelli che avevano mangiato erano circa cinquemila uomini, senza contare le donne e i bambini.<br \/>C: Parola del Signore.<br \/>A: Lode a Te o Cristo.<br \/><\/em><\/p>\n<\/blockquote>\n<p class=\"podcast\" style=\"text-align: left;\"><a href=\"http:\/\/www.sabinasantacroce.org\/audio\/clip79.mp3\">Scarica il file mp3<\/a><\/p>\n<p class=\"link\" style=\"text-align: left;\"><a href=\"http:\/\/www.youtube.com\/watch?v=0S5Gu4xjv78\">Link al video<\/a><\/p>\n<p class=\"link\">Sito web: <a href=\"http:\/\/www.sabinasantacroce.org\">Parrocchia Santa Croce<\/a><\/p>\n<p><br class=\"spacer_\" \/><\/p>\n","protected":false},"excerpt":{"rendered":"<p>Commento al Vangelo della XVIII Domenica del Tempo Ordinario a cura di don Domenico Luciani della Parrocchia Santa Croce a Passo Corese (RI). Mt 14, 13-21Dal Vangelo secondo\u00a0MatteoIn quel tempo, avendo udito [della morte di Giovanni Battista], Ges\u00f9 part\u00ec di l\u00e0 su una barca e si ritir\u00f2 in un luogo deserto, in disparte.Ma le folle,&#8230;<\/p>\n","protected":false},"author":3,"featured_media":0,"comment_status":"closed","ping_status":"closed","sticky":false,"template":"","format":"standard","meta":{"_kad_post_transparent":"","_kad_post_title":"","_kad_post_layout":"","_kad_post_sidebar_id":"","_kad_post_content_style":"","_kad_post_vertical_padding":"","_kad_post_feature":"","_kad_post_feature_position":"","_kad_post_header":false,"_kad_post_footer":false,"_kad_post_classname":"","footnotes":""},"categories":[101,147],"tags":[172,83],"class_list":["post-232532","post","type-post","status-publish","format-standard","hentry","category-101","category-commento-al-vangelo","tag-vangelo-della-domenica","tag-youtube"],"_links":{"self":[{"href":"https:\/\/archivio.cercoiltuovolto.it\/index.php?rest_route=\/wp\/v2\/posts\/232532","targetHints":{"allow":["GET"]}}],"collection":[{"href":"https:\/\/archivio.cercoiltuovolto.it\/index.php?rest_route=\/wp\/v2\/posts"}],"about":[{"href":"https:\/\/archivio.cercoiltuovolto.it\/index.php?rest_route=\/wp\/v2\/types\/post"}],"author":[{"embeddable":true,"href":"https:\/\/archivio.cercoiltuovolto.it\/index.php?rest_route=\/wp\/v2\/users\/3"}],"replies":[{"embeddable":true,"href":"https:\/\/archivio.cercoiltuovolto.it\/index.php?rest_route=%2Fwp%2Fv2%2Fcomments&post=232532"}],"version-history":[{"count":0,"href":"https:\/\/archivio.cercoiltuovolto.it\/index.php?rest_route=\/wp\/v2\/posts\/232532\/revisions"}],"wp:attachment":[{"href":"https:\/\/archivio.cercoiltuovolto.it\/index.php?rest_route=%2Fwp%2Fv2%2Fmedia&parent=232532"}],"wp:term":[{"taxonomy":"category","embeddable":true,"href":"https:\/\/archivio.cercoiltuovolto.it\/index.php?rest_route=%2Fwp%2Fv2%2Fcategories&post=232532"},{"taxonomy":"post_tag","embeddable":true,"href":"https:\/\/archivio.cercoiltuovolto.it\/index.php?rest_route=%2Fwp%2Fv2%2Ftags&post=232532"}],"curies":[{"name":"wp","href":"https:\/\/api.w.org\/{rel}","templated":true}]}}