{"id":232523,"date":"2011-07-25T09:51:35","date_gmt":"2011-07-25T09:51:35","guid":{"rendered":"https:\/\/archivio.cercoiltuovolto.it\/?p=232523"},"modified":"2011-07-25T09:51:35","modified_gmt":"2011-07-25T09:51:35","slug":"commento-al-vangelo-del-31-luglio-2011-comunita-cattolica-ungherese","status":"publish","type":"post","link":"https:\/\/archivio.cercoiltuovolto.it\/?p=232523","title":{"rendered":"Commento al Vangelo del 31 luglio 2011 &#8211; Comunit\u00e0 cattolica ungherese"},"content":{"rendered":"<p style=\"text-align: center;\"><img loading=\"lazy\" decoding=\"async\" class=\"aligncenter size-full wp-image-14834\" title=\"Comunit\u00e0 cattolica italiana in Ungheria\" src=\"http:\/\/www.cercoiltuovolto.it\/wp\/wp-content\/uploads\/2010\/11\/ungheria.png\" alt=\"\" width=\"476\" height=\"132\" \/><\/p>\n<p>Commento al Vangelo di domenica prossima a cura di p. Sergio della Comunit\u00e0 cattolica italiana in Ungheria.<\/p>\n<blockquote>\n<p><em>Mt 14, 13-21<\/em><br \/><em>Dal Vangelo secondo\u00a0Matteo<\/em><br \/>In quel tempo, avendo udito [della morte di Giovanni Battista], Ges\u00f9 part\u00ec di l\u00e0 su una barca e si ritir\u00f2 in un luogo deserto, in disparte.<br \/>Ma le folle, avendolo saputo, lo seguirono a piedi dalle citt\u00e0. Sceso dalla barca, egli vide una grande folla, sent\u00ec compassione per loro e guar\u00ec i loro malati.<br \/>Sul far della sera, gli si avvicinarono i discepoli e gli dissero: \u00abIl luogo \u00e8 deserto ed \u00e8 ormai tardi; congeda la folla perch\u00e9 vada nei villaggi a comprarsi da mangiare\u00bb. Ma Ges\u00f9 disse loro: \u00abNon occorre che vadano; voi stessi date loro da mangiare\u00bb. Gli risposero: \u00abQui non abbiamo altro che cinque pani e due pesci!\u00bb. Ed egli disse: \u00abPortatemeli qui\u00bb.<br \/>E, dopo aver ordinato alla folla di sedersi sull\u2019erba, prese i cinque pani e i due pesci, alz\u00f2 gli occhi al cielo, recit\u00f2 la benedizione, spezz\u00f2 i pani e li diede ai discepoli, e i discepoli alla folla.<br \/>Tutti mangiarono a saziet\u00e0, e portarono via i pezzi avanzati: dodici ceste piene. Quelli che avevano mangiato erano circa cinquemila uomini, senza contare le donne e i bambini.<br \/>C: Parola del Signore.<br \/>A: Lode a Te o Cristo<\/p>\n<\/blockquote>\n<p class=\"link\" style=\"text-align: left;\"><a href=\"http:\/\/www.youtube.com\/watch?v=QOKZQp6Uego\">Link al Video<\/a><\/p>\n","protected":false},"excerpt":{"rendered":"<p>Commento al Vangelo di domenica prossima a cura di p. Sergio della Comunit\u00e0 cattolica italiana in Ungheria.<\/p>\n","protected":false},"author":3,"featured_media":0,"comment_status":"closed","ping_status":"closed","sticky":false,"template":"","format":"standard","meta":{"_kad_post_transparent":"","_kad_post_title":"","_kad_post_layout":"","_kad_post_sidebar_id":"","_kad_post_content_style":"","_kad_post_vertical_padding":"","_kad_post_feature":"","_kad_post_feature_position":"","_kad_post_header":false,"_kad_post_footer":false,"_kad_post_classname":"","footnotes":""},"categories":[101,147],"tags":[22,172,83],"class_list":["post-232523","post","type-post","status-publish","format-standard","hentry","category-101","category-commento-al-vangelo","tag-francescani","tag-vangelo-della-domenica","tag-youtube"],"_links":{"self":[{"href":"https:\/\/archivio.cercoiltuovolto.it\/index.php?rest_route=\/wp\/v2\/posts\/232523","targetHints":{"allow":["GET"]}}],"collection":[{"href":"https:\/\/archivio.cercoiltuovolto.it\/index.php?rest_route=\/wp\/v2\/posts"}],"about":[{"href":"https:\/\/archivio.cercoiltuovolto.it\/index.php?rest_route=\/wp\/v2\/types\/post"}],"author":[{"embeddable":true,"href":"https:\/\/archivio.cercoiltuovolto.it\/index.php?rest_route=\/wp\/v2\/users\/3"}],"replies":[{"embeddable":true,"href":"https:\/\/archivio.cercoiltuovolto.it\/index.php?rest_route=%2Fwp%2Fv2%2Fcomments&post=232523"}],"version-history":[{"count":0,"href":"https:\/\/archivio.cercoiltuovolto.it\/index.php?rest_route=\/wp\/v2\/posts\/232523\/revisions"}],"wp:attachment":[{"href":"https:\/\/archivio.cercoiltuovolto.it\/index.php?rest_route=%2Fwp%2Fv2%2Fmedia&parent=232523"}],"wp:term":[{"taxonomy":"category","embeddable":true,"href":"https:\/\/archivio.cercoiltuovolto.it\/index.php?rest_route=%2Fwp%2Fv2%2Fcategories&post=232523"},{"taxonomy":"post_tag","embeddable":true,"href":"https:\/\/archivio.cercoiltuovolto.it\/index.php?rest_route=%2Fwp%2Fv2%2Ftags&post=232523"}],"curies":[{"name":"wp","href":"https:\/\/api.w.org\/{rel}","templated":true}]}}