{"id":232497,"date":"2011-07-13T09:10:00","date_gmt":"2011-07-13T09:10:00","guid":{"rendered":"https:\/\/archivio.cercoiltuovolto.it\/?p=232497"},"modified":"2011-07-13T09:10:00","modified_gmt":"2011-07-13T09:10:00","slug":"commento-al-vangelo-del-17-luglio-2011-don-domenico-luciani","status":"publish","type":"post","link":"https:\/\/archivio.cercoiltuovolto.it\/?p=232497","title":{"rendered":"Commento al Vangelo del 17 luglio 2011 &#8211; don Domenico Luciani"},"content":{"rendered":"<p style=\"text-align: center;\">\n<p>Commento al Vangelo della II Domenica del Tempo Ordinario a cura di don Domenico Luciani della <a href=\"http:\/\/www.sabinasantacroce.org\/\">Parrocchia Santa Croce a Passo Corese<\/a> (RI).<\/p>\n<blockquote style=\"text-align: justify;\">\n<p><em><em>Mt 13, 24-43<\/em><br \/><em>Dal Vangelo secondo\u00a0Matteo<\/em><br \/>In quel tempo, Ges\u00f9 espose alla folla un\u2019altra parabola, dicendo: \u00abIl regno dei cieli \u00e8 simile a un uomo che ha seminato del buon seme nel suo campo. Ma, mentre tutti dormivano, venne il suo nemico, semin\u00f2 della zizzania in mezzo al grano e se ne and\u00f2. Quando poi lo stelo crebbe e fece frutto, spunt\u00f2 anche la zizzania. Allora i servi andarono dal padrone di casa e gli dissero: \u201cSignore, non hai seminato del buon seme nel tuo campo? Da dove viene la zizzania?\u201d. Ed egli rispose loro: \u201cUn nemico ha fatto questo!\u201d. E i servi gli dissero: \u201cVuoi che andiamo a raccoglierla?\u201d. \u201cNo, rispose, perch\u00e9 non succeda che, raccogliendo la zizzania, con essa sradichiate anche il grano. Lasciate che l\u2019una e l\u2019altro crescano insieme fino alla mietitura e al momento della mietitura dir\u00f2 ai mietitori: Raccogliete prima la zizzania e legatela in fasci per bruciarla; il grano invece ripon\u00e8telo nel mio granaio\u201d\u00bb.<br \/>Espose loro un\u2019altra parabola, dicendo: \u00abIl regno dei cieli \u00e8 simile a un granello di senape, che un uomo prese e semin\u00f2 nel suo campo. Esso \u00e8 il pi\u00f9 piccolo di tutti i semi ma, una volta cresciuto, \u00e8 pi\u00f9 grande delle altre piante dell\u2019orto e diventa un albero, tanto che gli uccelli del cielo vengono a fare il nido fra i suoi rami\u00bb.<br \/>Disse loro un\u2019altra parabola: \u00abIl regno dei cieli \u00e8 simile al lievito, che una donna prese e mescol\u00f2 in tre misure di farina, finch\u00e9 non fu tutta lievitata\u00bb.<br \/>Tutte queste cose Ges\u00f9 disse alle folle con parabole e non parlava ad esse se non con parabole, perch\u00e9 si compisse ci\u00f2 che era stato detto per mezzo del profeta: \u00abAprir\u00f2 la mia bocca con parabole, proclamer\u00f2 cose nascoste fin dalla fondazione del mondo\u00bb.<br \/>Poi conged\u00f2 la folla ed entr\u00f2 in casa; i suoi discepoli gli si avvicinarono per dirgli: \u00abSpiegaci la parabola della zizzania nel campo\u00bb. Ed egli rispose: \u00abColui che semina il buon seme \u00e8 il Figlio dell\u2019uomo. Il campo \u00e8 il mondo e il seme buono sono i figli del Regno. La zizzania sono i figli del Maligno e il nemico che l\u2019ha seminata \u00e8 il diavolo. La mietitura \u00e8 la fine del mondo e i mietitori sono gli angeli. Come dunque si raccoglie la zizzania e la si brucia nel fuoco, cos\u00ec avverr\u00e0 alla fine del mondo. Il Figlio dell\u2019uomo mander\u00e0 i suoi angeli, i quali raccoglieranno dal suo regno tutti gli scandali e tutti quelli che commettono iniquit\u00e0 e li getteranno nella fornace ardente, dove sar\u00e0 pianto e stridore di denti. Allora i giusti splenderanno come il sole nel regno del Padre loro. Chi ha orecchi, ascolti!\u00bb.<br \/>C: Parola del Signore.<br \/>A: Lode a Te o Cristo<br \/><\/em><\/p>\n<\/blockquote>\n<p class=\"podcast\" style=\"text-align: left;\"><a href=\"http:\/\/www.sabinasantacroce.org\/audio\/clip77.mp3\">Scarica il file mp3<\/a><\/p>\n<p class=\"link\" style=\"text-align: left;\"><a href=\"http:\/\/www.youtube.com\/watch?v=mT6dW_PqDpA\">Link al video<\/a><\/p>\n<p class=\"link\">Sito web: <a href=\"http:\/\/www.sabinasantacroce.org\">Parrocchia Santa Croce<\/a><\/p>\n","protected":false},"excerpt":{"rendered":"<p>Commento al Vangelo della II Domenica del Tempo Ordinario a cura di don Domenico Luciani della Parrocchia Santa Croce a Passo Corese (RI). Mt 13, 24-43Dal Vangelo secondo\u00a0MatteoIn quel tempo, Ges\u00f9 espose alla folla un\u2019altra parabola, dicendo: \u00abIl regno dei cieli \u00e8 simile a un uomo che ha seminato del buon seme nel suo campo&#8230;.<\/p>\n","protected":false},"author":3,"featured_media":0,"comment_status":"closed","ping_status":"closed","sticky":false,"template":"","format":"standard","meta":{"_kad_post_transparent":"","_kad_post_title":"","_kad_post_layout":"","_kad_post_sidebar_id":"","_kad_post_content_style":"","_kad_post_vertical_padding":"","_kad_post_feature":"","_kad_post_feature_position":"","_kad_post_header":false,"_kad_post_footer":false,"_kad_post_classname":"","footnotes":""},"categories":[101,147],"tags":[172,83],"class_list":["post-232497","post","type-post","status-publish","format-standard","hentry","category-101","category-commento-al-vangelo","tag-vangelo-della-domenica","tag-youtube"],"_links":{"self":[{"href":"https:\/\/archivio.cercoiltuovolto.it\/index.php?rest_route=\/wp\/v2\/posts\/232497","targetHints":{"allow":["GET"]}}],"collection":[{"href":"https:\/\/archivio.cercoiltuovolto.it\/index.php?rest_route=\/wp\/v2\/posts"}],"about":[{"href":"https:\/\/archivio.cercoiltuovolto.it\/index.php?rest_route=\/wp\/v2\/types\/post"}],"author":[{"embeddable":true,"href":"https:\/\/archivio.cercoiltuovolto.it\/index.php?rest_route=\/wp\/v2\/users\/3"}],"replies":[{"embeddable":true,"href":"https:\/\/archivio.cercoiltuovolto.it\/index.php?rest_route=%2Fwp%2Fv2%2Fcomments&post=232497"}],"version-history":[{"count":0,"href":"https:\/\/archivio.cercoiltuovolto.it\/index.php?rest_route=\/wp\/v2\/posts\/232497\/revisions"}],"wp:attachment":[{"href":"https:\/\/archivio.cercoiltuovolto.it\/index.php?rest_route=%2Fwp%2Fv2%2Fmedia&parent=232497"}],"wp:term":[{"taxonomy":"category","embeddable":true,"href":"https:\/\/archivio.cercoiltuovolto.it\/index.php?rest_route=%2Fwp%2Fv2%2Fcategories&post=232497"},{"taxonomy":"post_tag","embeddable":true,"href":"https:\/\/archivio.cercoiltuovolto.it\/index.php?rest_route=%2Fwp%2Fv2%2Ftags&post=232497"}],"curies":[{"name":"wp","href":"https:\/\/api.w.org\/{rel}","templated":true}]}}