{"id":232483,"date":"2011-07-09T15:26:22","date_gmt":"2011-07-09T15:26:22","guid":{"rendered":"https:\/\/archivio.cercoiltuovolto.it\/?p=232483"},"modified":"2011-07-09T15:26:22","modified_gmt":"2011-07-09T15:26:22","slug":"commento-al-vangelo-di-domenica-10-luglio-2011-padre-bruno-secondin","status":"publish","type":"post","link":"https:\/\/archivio.cercoiltuovolto.it\/?p=232483","title":{"rendered":"Commento al Vangelo di domenica 10 luglio 2011 &#8211; padre Bruno Secondin"},"content":{"rendered":"<p style=\"text-align: center;\"><img loading=\"lazy\" decoding=\"async\" class=\"aligncenter size-full wp-image-14846\" title=\"padre carmelitano Bruno Secondin\" src=\"http:\/\/www.cercoiltuovolto.it\/wp\/wp-content\/uploads\/2010\/11\/secondin.png\" alt=\"\" width=\"412\" height=\"132\" \/><\/p>\n<p style=\"text-align: justify;\">In questa 15.ma Domenica del Tempo ordinario, la liturgia ci presenta la parabola del seminatore con cui Ges\u00f9 invita ad ascoltare e mettere in pratica la Parola di Dio. Questa \u00e8 paragonata ad un seme che cade in vari luoghi: lungo la strada, sul terreno sassoso e sui rovi, a significare la durezza di cuore, l\u2019incostanza, la preoccupazione per le cose del mondo e l\u2019attaccamento al denaro che non permettono alla Parola di maturare. Giunge a buon fine \u2013 dice Ges\u00f9 \u2013 solo il seme accolto in un terreno buono:<\/p>\n<blockquote>\n<p style=\"text-align: justify;\"><em>\u201cQuello seminato sul terreno buono \u00e8 colui che ascolta la Parola e la comprende; questi d\u00e0 frutto e produce il cento, il sessanta, il trenta per uno\u201d.<br \/><\/em><\/p>\n<\/blockquote>\n<p>Su questo brano del Vangelo,  ascoltiamo il commento del carmelitano, padre Bruno Secondin,  docente di Teologia spirituale alla Pontificia Universit\u00e0 Gregoriana:<\/p>\n<blockquote>\n<p style=\"text-align: justify;\"><em>Entriamo con questo testo evangelico nel terzo grande discorso di Ges\u00f9: un linguaggio parabolico che per tre domeniche ci accompagner\u00e0. La prima parabola \u00e8 quella famosa del seminatore, che getta il seme un po\u2019 dappertutto, in diversi tipi di terreno, strada e rovi compresi. In ognuna di queste situazioni vi \u00e8 una diversa fecondit\u00e0: quasi nulla o scarsa sulla strada o fra i sassi; vivace fra i rovi, almeno all\u2019inizio, poi muore. Abbondante invece l\u2019esito sul terreno adatto. Nella seconda parte del testo \u00e8 Ges\u00f9 stesso che offre la spiegazione di questa storia: si tratta della parola del Regno, sparsa con ampiezza e generosit\u00e0 da Ges\u00f9 stesso e dai suoi discepoli, ma con esiti differenti a seconda dei terreni, cio\u00e8 degli uditori. Non basta ascoltare materialmente l\u2019Evangelo, non basta partecipare a predicazioni e riti: ci vuole un cuore obbediente e generoso. In questa diversa arte della risposta feconda probabilmente Matteo pensava anche ai suoi vicini, che forse non avevano pi\u00f9 grande entusiasmo per il Vangelo, e tiravano avanti senza impegno. Ma possiamo ritrovare anche noi stessi. Dio semina continuamente, ma a volte gli orecchi sono sordi e il nostro cuore chiuso. E il seme resta l\u00ec, senza crescita, senza arrivare mai alla mietitura. Grazia sciupata, fede sterile.<\/em><\/p>\n<\/blockquote>\n<p class=\"link\" style=\"text-align: justify;\">Fonte: <a href=\"http:\/\/www.oecumene.radiovaticana.org\/IT1\/articolo.asp?c=502994\" target=\"_blank\">RadioVaticana<\/a><\/p>\n<div class=\"powerpressbox\">[powerpress]<\/div>\n","protected":false},"excerpt":{"rendered":"<p>In questa 15.ma Domenica del Tempo ordinario, la liturgia ci presenta la parabola del seminatore con cui Ges\u00f9 invita ad ascoltare e mettere in pratica la Parola di Dio. Questa \u00e8 paragonata ad un seme che cade in vari luoghi: lungo la strada, sul terreno sassoso e sui rovi, a significare la durezza di cuore,&#8230;<\/p>\n","protected":false},"author":3,"featured_media":0,"comment_status":"closed","ping_status":"closed","sticky":false,"template":"","format":"standard","meta":{"_kad_post_transparent":"","_kad_post_title":"","_kad_post_layout":"","_kad_post_sidebar_id":"","_kad_post_content_style":"","_kad_post_vertical_padding":"","_kad_post_feature":"","_kad_post_feature_position":"","_kad_post_header":false,"_kad_post_footer":false,"_kad_post_classname":"","footnotes":""},"categories":[101,147],"tags":[27,172],"class_list":["post-232483","post","type-post","status-publish","format-standard","hentry","category-101","category-commento-al-vangelo","tag-radio-vaticana","tag-vangelo-della-domenica"],"_links":{"self":[{"href":"https:\/\/archivio.cercoiltuovolto.it\/index.php?rest_route=\/wp\/v2\/posts\/232483","targetHints":{"allow":["GET"]}}],"collection":[{"href":"https:\/\/archivio.cercoiltuovolto.it\/index.php?rest_route=\/wp\/v2\/posts"}],"about":[{"href":"https:\/\/archivio.cercoiltuovolto.it\/index.php?rest_route=\/wp\/v2\/types\/post"}],"author":[{"embeddable":true,"href":"https:\/\/archivio.cercoiltuovolto.it\/index.php?rest_route=\/wp\/v2\/users\/3"}],"replies":[{"embeddable":true,"href":"https:\/\/archivio.cercoiltuovolto.it\/index.php?rest_route=%2Fwp%2Fv2%2Fcomments&post=232483"}],"version-history":[{"count":0,"href":"https:\/\/archivio.cercoiltuovolto.it\/index.php?rest_route=\/wp\/v2\/posts\/232483\/revisions"}],"wp:attachment":[{"href":"https:\/\/archivio.cercoiltuovolto.it\/index.php?rest_route=%2Fwp%2Fv2%2Fmedia&parent=232483"}],"wp:term":[{"taxonomy":"category","embeddable":true,"href":"https:\/\/archivio.cercoiltuovolto.it\/index.php?rest_route=%2Fwp%2Fv2%2Fcategories&post=232483"},{"taxonomy":"post_tag","embeddable":true,"href":"https:\/\/archivio.cercoiltuovolto.it\/index.php?rest_route=%2Fwp%2Fv2%2Ftags&post=232483"}],"curies":[{"name":"wp","href":"https:\/\/api.w.org\/{rel}","templated":true}]}}