{"id":232457,"date":"2011-07-01T09:24:21","date_gmt":"2011-07-01T09:24:21","guid":{"rendered":"https:\/\/archivio.cercoiltuovolto.it\/?p=232457"},"modified":"2011-07-01T09:24:21","modified_gmt":"2011-07-01T09:24:21","slug":"commento-al-vangelo-del-3-luglio-2011-mons-andrea-caniato","status":"publish","type":"post","link":"https:\/\/archivio.cercoiltuovolto.it\/?p=232457","title":{"rendered":"Commento al Vangelo del 3 luglio 2011 &#8211; mons. Andrea Caniato"},"content":{"rendered":"<p style=\"text-align: center;\">\n<h2 style=\"text-align: justify;\">12PORTE del 30 giugno 2011 -XIV domenica del tempo ordinario.<\/h2>\n<blockquote>\n<p style=\"text-align: justify;\"><em><em>Mt 11, 25-30<\/em><br \/><em>Dal Vangelo secondo\u00a0Matteo<\/em><br \/>In quel tempo, Ges\u00f9 disse: \u201cTi benedico, o Padre, Signore del cielo e della terra, perch\u00e9 hai tenuto nascoste queste cose ai sapienti e agli intelligenti e le hai rivelate ai piccoli. S\u00ec, o Padre, perch\u00e9 cos\u00ec \u00e8 piaciuto a te. Tutto mi \u00e8 stato dato dal Padre mio; nessuno conosce il Figlio se non il Padre, e nessuno conosce il Padre se non il Figlio e colui al quale il Figlio lo voglia rivelare.<br \/>Venite a me, voi tutti, che siete affaticati e oppressi, e io vi ristorer\u00f2. Prendete il mio giogo sopra di voi e imparate da me, che sono mite e umile di cuore, e troverete ristoro per le vostre anime. Il mio giogo infatti \u00e8 dolce e il mio carico leggero\u201d.<br \/>C: Parola del Signore.<br \/>A: Lode a Te o Cristo<br \/><\/em><\/p>\n<\/blockquote>\n<p class=\"link\" style=\"text-align: left;\"><a href=\"http:\/\/www.youtube.com\/watch?v=CFOQJ3Czv4w\">Link al video<\/a><\/p>\n<h1 style=\"text-align: left;\">Il Vangelo<\/h1>\n<p style=\"text-align: center;\">[oembed] {&#8220;url&#8221;:&#8221;http:\/\/www.youtube.com\/watch?v=wlLFl9KRwQ4&#8243;, &#8220;width&#8221;:480, &#8220;height&#8221;:360} [\/oembed]<\/p>\n<blockquote>\n<p style=\"text-align: justify;\">Nelle settimane passate abbiamo celebrato e rivissuto il cuore della nostra fede, nell&#8217;evento pasquale, e poi ci siamo soffermati con sguardo contemplativo sui grandi misteri della nostra fede cattolica: La Trinit\u00e0, l&#8217;Eucaristia, il Cuore misericordioso del Signore.<br \/>Riprende ora il corso delle domeniche del tempo ordinario, con la lettura continuativa del Vangelo di Matteo che \u00e8 nostro punto di riferimento in questo anno liturgico.<br \/>E riprendiamo il filo da una pagina brevissima, ma incredibilmente densa. Due parole rivolte da Ges\u00f9, una al Padre suo e una ad ogni uomo chiamato a seguirlo.<br \/>Ges\u00f9 eleva la sua benedizione e il suo rendimento di grazie al Padre, Signore del cielo e della terra: al Dio immenso e onnipotente, che \u00e8 prima e al di sopra di tutte le cose. E qual \u00e8 il motivo di tanta esplosione di amore e gratitudine? Perch\u00e9 Dio ha voluto manifestare agli uomini, esseri infinitamente piccoli di fronte alla sua grandezza, il suo mistero d&#8217;amore: e non solo&#8230; per essere certo di raggiungere ogni uomo, non ha rivelato se stesso per la via di impenetrabili speculazioni intellettuali. Dio si \u00e8 manifestato ai piccoli: questo significa che nessuno \u00e8 escluso, perch\u00e9 ogni uomo pu\u00f2 riconoscere questo linguaggio che Dio ha scelto. \u00c8 il linguaggio dell&#8217;amore, di una storia concreta, vicina e accessibile, una storia fatta di carne e sangue, sudore e speranza, di passione e di dono, la storia del suo Figlio venuto in mezzo a noi.<br \/>Chiunque riconosce con cuore limpido e intelligenza semplice in Ges\u00f9 il volto di Dio, scopre questo amore e riscatta la sua vita dalla miseria e dalla morte.<br \/>\u00c8 veramente impressionante&#8230; Il vangelo ci testimonia che nell&#8217;inaccessibile e perfettissimo dialogo d&#8217;amore tra il Padre e il Figlio, in quell&#8217;oceano d&#8217;amore che \u00e8 la Trinit\u00e0, ci siamo anche noi, piccole creature, destinatari di un dono che sorpassa ogni conoscenza.<br \/>La seconda parola \u00e8 rivolta direttamente a noi, ad ogni potenziale discepolo. Ricordate come iniziava il cammino di fede? Con Ges\u00f9 che diceva &#8220;Seguitemi&#8221;, &#8220;Venite dietro a me&#8221;. Ges\u00f9 si offriva come esempio: andate dove vado io, fate come faccio io, scegliete come scelgo io. Ora il Signore dice di pi\u00f9: &#8220;Venite a me&#8221;; Ges\u00f9 non \u00e8 pi\u00f9 solo un esempio da imitare, ma \u00e8 l&#8217;approdo, il fine della nostra ricerca. Chi lo trova, trova la pace. Solo unendosi a lui l&#8217;uomo viene liberato radicalmente dalla stanchezza e dall&#8217;oppressione del male. La vita cristiana, la vita nuova in lui \u00e8 certamente un giogo, un carico da portare, perch\u00e9 resta la fatica e il peso di una conversione sempre da raggiungere: ma \u00e8 una fatica che dona dignit\u00e0, che produce la gioia, \u00e8 come un peso che raddrizza la schiena di chi \u00e8 ripiegato su se stesso e allarga lo sguardo all&#8217;orizzonte del vero bene. (mons. Andrea Caniato)<\/p>\n<\/blockquote>\n","protected":false},"excerpt":{"rendered":"<p>12PORTE del 30 giugno 2011 -XIV domenica del tempo ordinario. Mt 11, 25-30Dal Vangelo secondo\u00a0MatteoIn quel tempo, Ges\u00f9 disse: \u201cTi benedico, o Padre, Signore del cielo e della terra, perch\u00e9 hai tenuto nascoste queste cose ai sapienti e agli intelligenti e le hai rivelate ai piccoli. S\u00ec, o Padre, perch\u00e9 cos\u00ec \u00e8 piaciuto a te&#8230;.<\/p>\n","protected":false},"author":3,"featured_media":0,"comment_status":"closed","ping_status":"closed","sticky":false,"template":"","format":"standard","meta":{"_kad_post_transparent":"","_kad_post_title":"","_kad_post_layout":"","_kad_post_sidebar_id":"","_kad_post_content_style":"","_kad_post_vertical_padding":"","_kad_post_feature":"","_kad_post_feature_position":"","_kad_post_header":false,"_kad_post_footer":false,"_kad_post_classname":"","footnotes":""},"categories":[101,147],"tags":[172,83],"class_list":["post-232457","post","type-post","status-publish","format-standard","hentry","category-101","category-commento-al-vangelo","tag-vangelo-della-domenica","tag-youtube"],"_links":{"self":[{"href":"https:\/\/archivio.cercoiltuovolto.it\/index.php?rest_route=\/wp\/v2\/posts\/232457","targetHints":{"allow":["GET"]}}],"collection":[{"href":"https:\/\/archivio.cercoiltuovolto.it\/index.php?rest_route=\/wp\/v2\/posts"}],"about":[{"href":"https:\/\/archivio.cercoiltuovolto.it\/index.php?rest_route=\/wp\/v2\/types\/post"}],"author":[{"embeddable":true,"href":"https:\/\/archivio.cercoiltuovolto.it\/index.php?rest_route=\/wp\/v2\/users\/3"}],"replies":[{"embeddable":true,"href":"https:\/\/archivio.cercoiltuovolto.it\/index.php?rest_route=%2Fwp%2Fv2%2Fcomments&post=232457"}],"version-history":[{"count":0,"href":"https:\/\/archivio.cercoiltuovolto.it\/index.php?rest_route=\/wp\/v2\/posts\/232457\/revisions"}],"wp:attachment":[{"href":"https:\/\/archivio.cercoiltuovolto.it\/index.php?rest_route=%2Fwp%2Fv2%2Fmedia&parent=232457"}],"wp:term":[{"taxonomy":"category","embeddable":true,"href":"https:\/\/archivio.cercoiltuovolto.it\/index.php?rest_route=%2Fwp%2Fv2%2Fcategories&post=232457"},{"taxonomy":"post_tag","embeddable":true,"href":"https:\/\/archivio.cercoiltuovolto.it\/index.php?rest_route=%2Fwp%2Fv2%2Ftags&post=232457"}],"curies":[{"name":"wp","href":"https:\/\/api.w.org\/{rel}","templated":true}]}}