{"id":232447,"date":"2011-06-30T11:09:29","date_gmt":"2011-06-30T11:09:29","guid":{"rendered":"https:\/\/archivio.cercoiltuovolto.it\/?p=232447"},"modified":"2011-06-30T11:09:29","modified_gmt":"2011-06-30T11:09:29","slug":"riflessione-sul-vangelo-xiv-domenica-del-t-o-anno-a-3-luglio-2011","status":"publish","type":"post","link":"https:\/\/archivio.cercoiltuovolto.it\/?p=232447","title":{"rendered":"Riflessione sul Vangelo: XIV domenica del T. O. (anno A) &#8211; 3 luglio 2011"},"content":{"rendered":"<p style=\"text-align: center;\">\n<p style=\"text-align: justify;\">&#8220;<em>La Parola di Dio<\/em>&#8220;, canale YouTube del prolifico Don Mauro di <a href=\"http:\/\/www.graficapastorale.it\"><strong>graficapastorale.it<\/strong><\/a>, propone una riflessione sul brano del Vangelo di domenica prossima<strong>, <em><em><em>Mt 11, 25-30<\/em><\/em><\/em><\/strong><strong>.<\/strong><\/p>\n<blockquote>\n<h4>Chi desidera automaticamente avere il testo delle riflessioni, mandi il proprio indirizzo email a riflessionevangelo@graficapastorale.com che lo spedir\u00e0 ogni settimana.<\/h4>\n<\/blockquote>\n<blockquote style=\"text-align: justify;\">\n<p><em><em>Mt 11, 25-30<\/em><br \/><em>Dal Vangelo secondo\u00a0Matteo<\/em><\/p>\n<p>In quel tempo, Ges\u00f9 disse: \u201cTi benedico, o Padre, Signore del cielo e della terra, perch\u00e9 hai tenuto nascoste queste cose ai sapienti e agli intelligenti e le hai rivelate ai piccoli. S\u00ec, o Padre, perch\u00e9 cos\u00ec \u00e8 piaciuto a te. Tutto mi \u00e8 stato dato dal Padre mio; nessuno conosce il Figlio se non il Padre, e nessuno conosce il Padre se non il Figlio e colui al quale il Figlio lo voglia rivelare.<br \/>Venite a me, voi tutti, che siete affaticati e oppressi, e io vi ristorer\u00f2. Prendete il mio giogo sopra di voi e imparate da me, che sono mite e umile di cuore, e troverete ristoro per le vostre anime. Il mio giogo infatti \u00e8 dolce e il mio carico leggero\u201d.<\/p>\n<p>C: Parola del Signore.<br \/>A: Lode a Te o Cristo.<br \/><\/em><\/p>\n<\/blockquote>\n<p class=\"link\"><a href=\"http:\/\/www.youtube.com\/watch?v=4d9ur6fI_aQ\">Link al Video<\/a><\/p>\n<p style=\"text-align: center;\">http:\/\/www.youtube.com\/watch?v=gVGCcSiYUCI<\/p>\n<p><!--adsense--><\/p>\n","protected":false},"excerpt":{"rendered":"<p>&#8220;La Parola di Dio&#8220;, canale YouTube del prolifico Don Mauro di graficapastorale.it, propone una riflessione sul brano del Vangelo di domenica prossima, Mt 11, 25-30. Chi desidera automaticamente avere il testo delle riflessioni, mandi il proprio indirizzo email a riflessionevangelo@graficapastorale.com che lo spedir\u00e0 ogni settimana. Mt 11, 25-30Dal Vangelo secondo\u00a0Matteo In quel tempo, Ges\u00f9 disse:&#8230;<\/p>\n","protected":false},"author":3,"featured_media":0,"comment_status":"closed","ping_status":"closed","sticky":false,"template":"","format":"standard","meta":{"_kad_post_transparent":"","_kad_post_title":"","_kad_post_layout":"","_kad_post_sidebar_id":"","_kad_post_content_style":"","_kad_post_vertical_padding":"","_kad_post_feature":"","_kad_post_feature_position":"","_kad_post_header":false,"_kad_post_footer":false,"_kad_post_classname":"","footnotes":""},"categories":[101,147],"tags":[172,83],"class_list":["post-232447","post","type-post","status-publish","format-standard","hentry","category-101","category-commento-al-vangelo","tag-vangelo-della-domenica","tag-youtube"],"_links":{"self":[{"href":"https:\/\/archivio.cercoiltuovolto.it\/index.php?rest_route=\/wp\/v2\/posts\/232447","targetHints":{"allow":["GET"]}}],"collection":[{"href":"https:\/\/archivio.cercoiltuovolto.it\/index.php?rest_route=\/wp\/v2\/posts"}],"about":[{"href":"https:\/\/archivio.cercoiltuovolto.it\/index.php?rest_route=\/wp\/v2\/types\/post"}],"author":[{"embeddable":true,"href":"https:\/\/archivio.cercoiltuovolto.it\/index.php?rest_route=\/wp\/v2\/users\/3"}],"replies":[{"embeddable":true,"href":"https:\/\/archivio.cercoiltuovolto.it\/index.php?rest_route=%2Fwp%2Fv2%2Fcomments&post=232447"}],"version-history":[{"count":0,"href":"https:\/\/archivio.cercoiltuovolto.it\/index.php?rest_route=\/wp\/v2\/posts\/232447\/revisions"}],"wp:attachment":[{"href":"https:\/\/archivio.cercoiltuovolto.it\/index.php?rest_route=%2Fwp%2Fv2%2Fmedia&parent=232447"}],"wp:term":[{"taxonomy":"category","embeddable":true,"href":"https:\/\/archivio.cercoiltuovolto.it\/index.php?rest_route=%2Fwp%2Fv2%2Fcategories&post=232447"},{"taxonomy":"post_tag","embeddable":true,"href":"https:\/\/archivio.cercoiltuovolto.it\/index.php?rest_route=%2Fwp%2Fv2%2Ftags&post=232447"}],"curies":[{"name":"wp","href":"https:\/\/api.w.org\/{rel}","templated":true}]}}