{"id":232445,"date":"2011-06-30T06:00:05","date_gmt":"2011-06-30T06:00:05","guid":{"rendered":"https:\/\/archivio.cercoiltuovolto.it\/?p=232445"},"modified":"2011-06-30T06:00:05","modified_gmt":"2011-06-30T06:00:05","slug":"conferenza-di-sabino-chiala-monaco-di-bose-sulla-tradizione-siriaca","status":"publish","type":"post","link":"https:\/\/archivio.cercoiltuovolto.it\/?p=232445","title":{"rendered":"Conferenza di Sabino Chial\u00e0, monaco di Bose, sulla Tradizione siriaca"},"content":{"rendered":"<p style=\"text-align: justify;\"><a href=\"http:\/\/www.cercoiltuovolto.it\/wp-content\/uploads\/2011\/06\/S.Efrem_.jpg\"><img loading=\"lazy\" decoding=\"async\" class=\"alignleft size-medium wp-image-19445\" title=\"S.Efrem\" src=\"http:\/\/www.cercoiltuovolto.it\/wp-content\/uploads\/2011\/06\/S.Efrem_-299x300.jpg\" alt=\"\" width=\"299\" height=\"300\" \/><\/a>Il 20 giugno presso l&#8217;auditorium della Basilica di S.Michele Arcangelo in Monte S.Angelo si \u00e8 svolta la conferenza &#8220;Una voce del cristianesimo orientale: la spirituali\u00e0 siriaca&#8221; tenuta dal monacoSabino Chial\u00e0(Comunit\u00e0 di Bose), organizzata dall&#8217;Ufficio per l&#8217;ecumenismo dell&#8217;Arcidiocesi.<\/p>\n<p style=\"text-align: justify;\">Dopo i saluti diS.E. Mons. Michele Castoro, Arcivescovo di Manfredonia-Vieste-S.Giovanni Rotondo, e una breve introduzione di Padre Massimo Hakim, monaco siriano responsabile dell&#8217;Ufficio per l&#8217;ecumenismo e membro della Comunit\u00e0 monastica di Pulsano, Sabino Chial\u00e0 ha iniziato la sua esposizione tracciando le principali caratteristiche della Tradizione siriaca. Fra i massimi conoscitori al mondo del settore, curatore di svariate pubblicazioni sui Padri siriaci, Sabino \u00e8 perfettamente riuscito a far comprendere agli uditori quanto ricca e importante sia stata la tradizione siriaca nella storia della Chiesa, a livello di missiologia (i missionari siriaci arrivarono in Cina (VII sec.) ed in Tibet (IX sec.)!; di produzione teologica (inseparabile dall&#8217;esegesi delle Sacre Scritture); e di contributi patristici, per cui tale tradizione ben ha meritato la definizione che ne diede Giovanni Paolo II: &#8220;il terzo polmone della Chiesa, accanto a quello greco e quello latino.&#8221; Il relatore ha poi dato un saggio di questo patrimonio, immenso quanto misconosciuto, tratteggiando le figure di S.Efrem il Siro e di S.Isacco di Ninive: brevi pennellate che son bastate a ricordare quanto l&#8217;opera di questi santi &#8211; l&#8217;Arpa dello Spirito Santo e il cantore della Divina Misericordia &#8211; sia sfolgorantemente bella e attuale. Opera di cui, come per il resto della sconfinata produzione testuale siriaca, solo una piccola parte \u00e8 pubblicata nelle lingue moderne, e una parte ancor pi\u00f9 piccola in italiano.<\/p>\n<p style=\"text-align: center;\">\n<p style=\"text-align: justify;\">Fonte: <a href=\"http:\/\/www.abbaziadipulsano.org\/home\/attivita\/incontri-e-convegni\/224-sabino-chiala-spiritualita-siriaca\">Abbazia di Pulsano<\/a><\/p>\n","protected":false},"excerpt":{"rendered":"<p>Il 20 giugno presso l&#8217;auditorium della Basilica di S.Michele Arcangelo in Monte S.Angelo si \u00e8 svolta la conferenza &#8220;Una voce del cristianesimo orientale: la spirituali\u00e0 siriaca&#8221; tenuta dal monacoSabino Chial\u00e0(Comunit\u00e0 di Bose), organizzata dall&#8217;Ufficio per l&#8217;ecumenismo dell&#8217;Arcidiocesi. Dopo i saluti diS.E. Mons. Michele Castoro, Arcivescovo di Manfredonia-Vieste-S.Giovanni Rotondo, e una breve introduzione di Padre Massimo&#8230;<\/p>\n","protected":false},"author":3,"featured_media":0,"comment_status":"closed","ping_status":"closed","sticky":false,"template":"","format":"standard","meta":{"_kad_post_transparent":"","_kad_post_title":"","_kad_post_layout":"","_kad_post_sidebar_id":"","_kad_post_content_style":"","_kad_post_vertical_padding":"","_kad_post_feature":"","_kad_post_feature_position":"","_kad_post_header":false,"_kad_post_footer":false,"_kad_post_classname":"","footnotes":""},"categories":[101,122],"tags":[62,117,529],"class_list":["post-232445","post","type-post","status-publish","format-standard","hentry","category-101","category-conferenze","tag-diocesi","tag-incontri","tag-tradizione"],"_links":{"self":[{"href":"https:\/\/archivio.cercoiltuovolto.it\/index.php?rest_route=\/wp\/v2\/posts\/232445","targetHints":{"allow":["GET"]}}],"collection":[{"href":"https:\/\/archivio.cercoiltuovolto.it\/index.php?rest_route=\/wp\/v2\/posts"}],"about":[{"href":"https:\/\/archivio.cercoiltuovolto.it\/index.php?rest_route=\/wp\/v2\/types\/post"}],"author":[{"embeddable":true,"href":"https:\/\/archivio.cercoiltuovolto.it\/index.php?rest_route=\/wp\/v2\/users\/3"}],"replies":[{"embeddable":true,"href":"https:\/\/archivio.cercoiltuovolto.it\/index.php?rest_route=%2Fwp%2Fv2%2Fcomments&post=232445"}],"version-history":[{"count":0,"href":"https:\/\/archivio.cercoiltuovolto.it\/index.php?rest_route=\/wp\/v2\/posts\/232445\/revisions"}],"wp:attachment":[{"href":"https:\/\/archivio.cercoiltuovolto.it\/index.php?rest_route=%2Fwp%2Fv2%2Fmedia&parent=232445"}],"wp:term":[{"taxonomy":"category","embeddable":true,"href":"https:\/\/archivio.cercoiltuovolto.it\/index.php?rest_route=%2Fwp%2Fv2%2Fcategories&post=232445"},{"taxonomy":"post_tag","embeddable":true,"href":"https:\/\/archivio.cercoiltuovolto.it\/index.php?rest_route=%2Fwp%2Fv2%2Ftags&post=232445"}],"curies":[{"name":"wp","href":"https:\/\/api.w.org\/{rel}","templated":true}]}}