{"id":232416,"date":"2011-06-21T09:26:44","date_gmt":"2011-06-21T09:26:44","guid":{"rendered":"https:\/\/archivio.cercoiltuovolto.it\/?p=232416"},"modified":"2011-06-21T09:26:44","modified_gmt":"2011-06-21T09:26:44","slug":"commento-al-vangelo-del-26-giugno-2011-don-claudio-doglio","status":"publish","type":"post","link":"https:\/\/archivio.cercoiltuovolto.it\/?p=232416","title":{"rendered":"Commento al Vangelo del 26 giugno 2011 &#8211; don Claudio Doglio"},"content":{"rendered":"<p style=\"text-align: center;\">\n<p style=\"text-align: justify;\">Il commento alle Letture della <strong>Domenica del Corpus Domini<\/strong> a cura di don Claudio Doglio.<\/p>\n<blockquote>\n<p style=\"text-align: justify;\"><em><em>Gv 6, 51-58<\/em><br \/><em>Dal Vangelo secondo\u00a0Matteo<\/em><br \/>In quel tempo, Ges\u00f9 disse alla folla:\u00a0<br \/><\/em>\u00abIo sono il pane vivo, disceso dal cielo. Se uno mangia di questo pane vivr\u00e0 in eterno e il pane che io dar\u00f2 \u00e8 la mia carne per la vita del mondo\u00bb.<br \/>Allora i Giudei si misero a discutere aspramente fra loro: \u00abCome pu\u00f2 costui darci la sua carne da mangiare?\u00bb.\u00a0<br \/>Ges\u00f9 disse loro: \u00abIn verit\u00e0, in verit\u00e0 io vi dico: se non mangiate la carne del Figlio dell\u2019uomo e non bevete il suo sangue, non avete in voi la vita. Chi mangia la mia carne e beve il mio sangue ha la vita eterna e io lo risusciter\u00f2 nell\u2019ultimo giorno. Perch\u00e9 la mia carne \u00e8 vero cibo e il mio sangue vera bevanda.\u00a0<br \/>Chi mangia la mia carne e beve il mio sangue rimane in me e io in lui. Come il Padre, che ha la vita, ha mandato me e io vivo per il Padre, cos\u00ec anche colui che mangia me vivr\u00e0 per me. Questo \u00e8 il pane disceso dal cielo; non \u00e8 come quello che mangiarono i padri e morirono. Chi mangia questo pane vivr\u00e0 in eterno\u00bb.<em><br \/>C: Parola del Signore.<br \/>A: Lode a Te o Cristo.<br \/><\/em><\/p>\n<\/blockquote>\n<p style=\"text-align: left;\"><a href=\"http:\/\/www.youtube.com\/watch?v=L5_qXfH2ACM\">Link al video<\/a><\/p>\n","protected":false},"excerpt":{"rendered":"<p>Il commento alle Letture della Domenica del Corpus Domini a cura di don Claudio Doglio. Gv 6, 51-58Dal Vangelo secondo\u00a0MatteoIn quel tempo, Ges\u00f9 disse alla folla:\u00a0\u00abIo sono il pane vivo, disceso dal cielo. Se uno mangia di questo pane vivr\u00e0 in eterno e il pane che io dar\u00f2 \u00e8 la mia carne per la vita&#8230;<\/p>\n","protected":false},"author":3,"featured_media":0,"comment_status":"closed","ping_status":"closed","sticky":false,"template":"","format":"standard","meta":{"_kad_post_transparent":"","_kad_post_title":"","_kad_post_layout":"","_kad_post_sidebar_id":"","_kad_post_content_style":"","_kad_post_vertical_padding":"","_kad_post_feature":"","_kad_post_feature_position":"","_kad_post_header":false,"_kad_post_footer":false,"_kad_post_classname":"","footnotes":""},"categories":[101,147],"tags":[364,208,24],"class_list":["post-232416","post","type-post","status-publish","format-standard","hentry","category-101","category-commento-al-vangelo","tag-corpus-domini","tag-don-claudio-doglio","tag-televisione"],"_links":{"self":[{"href":"https:\/\/archivio.cercoiltuovolto.it\/index.php?rest_route=\/wp\/v2\/posts\/232416","targetHints":{"allow":["GET"]}}],"collection":[{"href":"https:\/\/archivio.cercoiltuovolto.it\/index.php?rest_route=\/wp\/v2\/posts"}],"about":[{"href":"https:\/\/archivio.cercoiltuovolto.it\/index.php?rest_route=\/wp\/v2\/types\/post"}],"author":[{"embeddable":true,"href":"https:\/\/archivio.cercoiltuovolto.it\/index.php?rest_route=\/wp\/v2\/users\/3"}],"replies":[{"embeddable":true,"href":"https:\/\/archivio.cercoiltuovolto.it\/index.php?rest_route=%2Fwp%2Fv2%2Fcomments&post=232416"}],"version-history":[{"count":0,"href":"https:\/\/archivio.cercoiltuovolto.it\/index.php?rest_route=\/wp\/v2\/posts\/232416\/revisions"}],"wp:attachment":[{"href":"https:\/\/archivio.cercoiltuovolto.it\/index.php?rest_route=%2Fwp%2Fv2%2Fmedia&parent=232416"}],"wp:term":[{"taxonomy":"category","embeddable":true,"href":"https:\/\/archivio.cercoiltuovolto.it\/index.php?rest_route=%2Fwp%2Fv2%2Fcategories&post=232416"},{"taxonomy":"post_tag","embeddable":true,"href":"https:\/\/archivio.cercoiltuovolto.it\/index.php?rest_route=%2Fwp%2Fv2%2Ftags&post=232416"}],"curies":[{"name":"wp","href":"https:\/\/api.w.org\/{rel}","templated":true}]}}