{"id":232397,"date":"2011-06-20T09:59:00","date_gmt":"2011-06-20T09:59:00","guid":{"rendered":"https:\/\/archivio.cercoiltuovolto.it\/?p=232397"},"modified":"2011-06-20T09:59:00","modified_gmt":"2011-06-20T09:59:00","slug":"commento-al-vangelo-del-26-giugno-2011-don-mauro-pozzi","status":"publish","type":"post","link":"https:\/\/archivio.cercoiltuovolto.it\/?p=232397","title":{"rendered":"Commento al Vangelo del 26 giugno 2011 &#8211; don Mauro Pozzi"},"content":{"rendered":"<p style=\"text-align: justify;\">Il commento al Vangelo della domenica a cura di don Mauro Pozzi parroco della Parrocchia S. Giovanni Battista, Novara.<\/p>\n<blockquote>\n<p>NUTRIMENTO<\/p>\n<p style=\"text-align: justify;\">La storia dell\u2019Esodo, il viaggio degli ebrei dall\u2019Egitto alla Terra Promessa, \u00e8 una  metafora del percorso che ogni uomo deve compiere dalla schiavit\u00f9 del peccato  alla libert\u00e0 della vita con Dio. Non \u00e8 un percorso  facile, bisogna affrontare il  deserto, che rappresenta la fatica del distacco dalle abitudini sbagliate e questo costa. Tuttavia lungo la strada il Signore non ci fa mancare il suo sostegno.  Gli ebrei hanno avuto la manna, le quaglie, l\u2019acqua, la guida di Mos\u00e8, noi abbiamo la Chiesa, i sacramenti e in particolare l\u2019eucarestia. Il Maestro rimane  con noi e si fa pane. \u00c8 un simbolo chiarissimo: il cibo serve per vivere. Le parole di Ges\u00f9 sono molto forti: chi mangia la mia carne e beve il mio sangue ha la  vita eterna e io lo risusciter\u00f2 nell&#8217;ultimo giorno. La carne e il sangue sono la vita  di una persona. Posso immaginare che alcuni tra i suoi uditori si siano scandalizzati, pu\u00f2 sembrare un invito ad una sorta di cannibalismo, ma vuole intendere che non si tratta solo di mangiare, ma di comunicare, di diventare parte dello stesso corpo. \u00c8 certamente molto di pi\u00f9 della manna ricevuta nel deserto, quello era un vero e proprio cibo per sopravvivere nel viaggio, mentre il  corpo di Cristo ci d\u00e0 l\u2019immortalit\u00e0. Adamo ed Eva nel giardino dell\u2019Eden non  potevano mangiare il frutto dell\u2019albero della conoscenza, ma gli era permesso  cogliere i frutti dell\u2019albero della vita. In conseguenza del peccato l\u2019uomo ha  perso quel privilegio ed \u00e8 diventato mortale. Ora Ges\u00f9 ci restituisce la vita  dandoci la sua carne da mangiare. La comunione \u00e8 dunque il farmaco dell\u2019immortalit\u00e0 e il sostegno della vita spirituale. Questo lo impariamo col catechismo, ma \u00e8 soprattutto un\u2019esperienza. Ogni volta che facciamo la comunione  abbiamo la possibilit\u00e0 di approfondire il nostro rapporto con Ges\u00f9, di sentire  la sua vicinanza. Quello che mangiamo viene digerito, cio\u00e8 le sostanze nutritive  degli alimenti si trasformano entrando nelle cellule del nostro corpo e diventando cos\u00ec parte della nostra carne e del nostro sangue. Il Signore stesso quindi ci comunica la sua vita diventando parte della nostra. Noi adulti abbiamo  capito bene questa cosa? \u00c8 la domanda che potrebbe rivolgerci San Giovanni  Battista il quale si preoccupava che i suoi contemporanei si convertissero per  prepararsi alla manifestazione di Ges\u00f9, il Messia. Egli ha saputo riconoscere la  presenza del Salvatore fin dal grembo materno e ne \u00e8 stato il precursore. Oggi  ci invita ancora una volta a essere anche noi capaci di scoprire la presenza del  Signore nell\u2019eucarestia e nella vita di ogni giorno. Ascoltiamolo!<\/p>\n<\/blockquote>\n<p><!--adsense--><\/p>\n<p><a href=\"http:\/\/www.youtube.com\/watch?v=lqysuOfMJo8\">Link al video<\/a><\/p>\n","protected":false},"excerpt":{"rendered":"<p>Il commento al Vangelo di domenica 26 giugno 2011 &#8211; domenica del Corpus Domini<\/p>\n","protected":false},"author":3,"featured_media":0,"comment_status":"closed","ping_status":"closed","sticky":false,"template":"","format":"standard","meta":{"_kad_post_transparent":"","_kad_post_title":"","_kad_post_layout":"","_kad_post_sidebar_id":"","_kad_post_content_style":"","_kad_post_vertical_padding":"","_kad_post_feature":"","_kad_post_feature_position":"","_kad_post_header":false,"_kad_post_footer":false,"_kad_post_classname":"","footnotes":""},"categories":[101,147],"tags":[364,388,172],"class_list":["post-232397","post","type-post","status-publish","format-standard","hentry","category-101","category-commento-al-vangelo","tag-corpus-domini","tag-don-mauro-pozzi","tag-vangelo-della-domenica"],"_links":{"self":[{"href":"https:\/\/archivio.cercoiltuovolto.it\/index.php?rest_route=\/wp\/v2\/posts\/232397","targetHints":{"allow":["GET"]}}],"collection":[{"href":"https:\/\/archivio.cercoiltuovolto.it\/index.php?rest_route=\/wp\/v2\/posts"}],"about":[{"href":"https:\/\/archivio.cercoiltuovolto.it\/index.php?rest_route=\/wp\/v2\/types\/post"}],"author":[{"embeddable":true,"href":"https:\/\/archivio.cercoiltuovolto.it\/index.php?rest_route=\/wp\/v2\/users\/3"}],"replies":[{"embeddable":true,"href":"https:\/\/archivio.cercoiltuovolto.it\/index.php?rest_route=%2Fwp%2Fv2%2Fcomments&post=232397"}],"version-history":[{"count":0,"href":"https:\/\/archivio.cercoiltuovolto.it\/index.php?rest_route=\/wp\/v2\/posts\/232397\/revisions"}],"wp:attachment":[{"href":"https:\/\/archivio.cercoiltuovolto.it\/index.php?rest_route=%2Fwp%2Fv2%2Fmedia&parent=232397"}],"wp:term":[{"taxonomy":"category","embeddable":true,"href":"https:\/\/archivio.cercoiltuovolto.it\/index.php?rest_route=%2Fwp%2Fv2%2Fcategories&post=232397"},{"taxonomy":"post_tag","embeddable":true,"href":"https:\/\/archivio.cercoiltuovolto.it\/index.php?rest_route=%2Fwp%2Fv2%2Ftags&post=232397"}],"curies":[{"name":"wp","href":"https:\/\/api.w.org\/{rel}","templated":true}]}}