{"id":232395,"date":"2011-06-18T23:42:43","date_gmt":"2011-06-18T23:42:43","guid":{"rendered":"https:\/\/archivio.cercoiltuovolto.it\/?p=232395"},"modified":"2011-06-18T23:42:43","modified_gmt":"2011-06-18T23:42:43","slug":"commento-al-vangelo-di-domenica-19-giugno-2011-padre-bruno-secondin","status":"publish","type":"post","link":"https:\/\/archivio.cercoiltuovolto.it\/?p=232395","title":{"rendered":"Commento al Vangelo di domenica 19 giugno 2011 &#8211; padre Bruno Secondin"},"content":{"rendered":"<p style=\"text-align: center;\"><img loading=\"lazy\" decoding=\"async\" class=\"aligncenter size-full wp-image-14846\" title=\"padre carmelitano Bruno Secondin\" src=\"http:\/\/www.cercoiltuovolto.it\/wp\/wp-content\/uploads\/2010\/11\/secondin.png\" alt=\"\" width=\"412\" height=\"132\" \/><\/p>\n<p style=\"text-align: justify;\">Nella Domenica dedicata alla solennit\u00e0 della Santissima Trinit\u00e0, il Vangelo presenta un brano di Giovanni nel quale Ges\u00f9 afferma che \u201cDio ha tanto amato il mondo da dare il Figlio unigenito, perch\u00e9 chiunque crede in Lui non vada perduto, ma abbia la vita eterna\u201d. Quindi aggiunge:<\/p>\n<blockquote>\n<p style=\"text-align: justify;\"><em>\u201cDio, infatti, non ha mandato il Figlio nel mondo per condannare il mondo, ma perch\u00e9 il mondo sia salvato per mezzo di lui\u201d.<\/em><\/p>\n<\/blockquote>\n<p>Su questo brano del Vangelo,  ascoltiamo il commento del carmelitano, padre Bruno Secondin,  docente di Teologia spirituale alla Pontificia Universit\u00e0 Gregoriana:<\/p>\n<blockquote>\n<p style=\"text-align: justify;\"><em>Dio \u00e8 essenzialmente comunione: una comunione d\u2019amore tra Padre, Figlio e Spirito Santo. Non una combinazione matematica complicata, ma una pulsione vitale, energia che genera novit\u00e0 sempre originale e speranza di futuro. \u00c8 a questa misteriosa realt\u00e0 che facciamo affidamento quando ci facciamo il segno della croce o iniziamo una azione sacra nel nome della Trinit\u00e0: alla presenza di Dio Uni-Trino, con la sua grazia che salva e tutto guida noi vogliamo compiere ogni azione. Come dice Ges\u00f9 nel Vangelo, dialogando con Nicodemo, noi dobbiamo sentirci amati in maniera sorprendente, diciamo divina, dal Padre: egli ha donato il proprio Figlio perch\u00e9 avessimo vita, vita eterna, salvezza e felicit\u00e0. Per questo credere nella realt\u00e0 misteriosa di Dio-Trinit\u00e0 \u00e8 credere a questa storia di amore e redenzione, \u00e8 farsi discepoli del Figlio che svela il cuore del Padre e dona assieme al Padre a tutti noi la forza misteriosa che lo ha guidato e trasformato, cio\u00e8 lo Spirito Santo. Una fede che \u00e8 scuola di relazioni nuove, di comunione e reciproca accoglienza. Contemplare e adorare la Trinit\u00e0 in autenticit\u00e0 \u00e8 possibile solo per chi coltiva disegni di amore che generano vita, sa gettare ponti e non alzare muri, sa protendere le mani senza serrare le dita, sa amare senza calcoli, in totale gratuit\u00e0.<\/em><\/p>\n<\/blockquote>\n<p class=\"link\" style=\"text-align: justify;\">Fonte: <a href=\"http:\/\/www.oecumene.radiovaticana.org\/IT1\/articolo.asp?c=497172\" target=\"_blank\">RadioVaticana<\/a><\/p>\n<div class=\"powerpressbox\">[powerpress]<\/div>\n","protected":false},"excerpt":{"rendered":"<p>Nella Domenica dedicata alla solennit\u00e0 della Santissima Trinit\u00e0, il Vangelo presenta un brano di Giovanni nel quale Ges\u00f9 afferma che \u201cDio ha tanto amato il mondo da dare il Figlio unigenito, perch\u00e9 chiunque crede in Lui non vada perduto, ma abbia la vita eterna\u201d. Quindi aggiunge: \u201cDio, infatti, non ha mandato il Figlio nel mondo&#8230;<\/p>\n","protected":false},"author":3,"featured_media":0,"comment_status":"closed","ping_status":"closed","sticky":false,"template":"","format":"standard","meta":{"_kad_post_transparent":"","_kad_post_title":"","_kad_post_layout":"","_kad_post_sidebar_id":"","_kad_post_content_style":"","_kad_post_vertical_padding":"","_kad_post_feature":"","_kad_post_feature_position":"","_kad_post_header":false,"_kad_post_footer":false,"_kad_post_classname":"","footnotes":""},"categories":[101,4],"tags":[5,27,522],"class_list":["post-232395","post","type-post","status-publish","format-standard","hentry","category-101","category-audio-cattolici","tag-commento-al-vangelo","tag-radio-vaticana","tag-santissima-trinita"],"_links":{"self":[{"href":"https:\/\/archivio.cercoiltuovolto.it\/index.php?rest_route=\/wp\/v2\/posts\/232395","targetHints":{"allow":["GET"]}}],"collection":[{"href":"https:\/\/archivio.cercoiltuovolto.it\/index.php?rest_route=\/wp\/v2\/posts"}],"about":[{"href":"https:\/\/archivio.cercoiltuovolto.it\/index.php?rest_route=\/wp\/v2\/types\/post"}],"author":[{"embeddable":true,"href":"https:\/\/archivio.cercoiltuovolto.it\/index.php?rest_route=\/wp\/v2\/users\/3"}],"replies":[{"embeddable":true,"href":"https:\/\/archivio.cercoiltuovolto.it\/index.php?rest_route=%2Fwp%2Fv2%2Fcomments&post=232395"}],"version-history":[{"count":0,"href":"https:\/\/archivio.cercoiltuovolto.it\/index.php?rest_route=\/wp\/v2\/posts\/232395\/revisions"}],"wp:attachment":[{"href":"https:\/\/archivio.cercoiltuovolto.it\/index.php?rest_route=%2Fwp%2Fv2%2Fmedia&parent=232395"}],"wp:term":[{"taxonomy":"category","embeddable":true,"href":"https:\/\/archivio.cercoiltuovolto.it\/index.php?rest_route=%2Fwp%2Fv2%2Fcategories&post=232395"},{"taxonomy":"post_tag","embeddable":true,"href":"https:\/\/archivio.cercoiltuovolto.it\/index.php?rest_route=%2Fwp%2Fv2%2Ftags&post=232395"}],"curies":[{"name":"wp","href":"https:\/\/api.w.org\/{rel}","templated":true}]}}