{"id":232390,"date":"2011-06-16T10:42:18","date_gmt":"2011-06-16T10:42:18","guid":{"rendered":"https:\/\/archivio.cercoiltuovolto.it\/?p=232390"},"modified":"2011-06-16T10:42:18","modified_gmt":"2011-06-16T10:42:18","slug":"riflessione-sul-vangelo-santissima-trinita-anno-a-19-giugno-2011","status":"publish","type":"post","link":"https:\/\/archivio.cercoiltuovolto.it\/?p=232390","title":{"rendered":"Riflessione sul Vangelo: Santissima Trinit\u00e0 (anno A) &#8211; 19 giugno  2011"},"content":{"rendered":"<p style=\"text-align: center;\">\n<p style=\"text-align: justify;\">&#8220;<em>La Parola di Dio<\/em>&#8220;, canale YouTube del prolifico Don Mauro di <a href=\"http:\/\/www.graficapastorale.it\"><strong>graficapastorale.it<\/strong><\/a>, propone una riflessione sul brano del Vangelo di domenica prossima<strong>, <em>Gv 1, 29-34<\/em><\/strong><strong>.<\/strong><\/p>\n<blockquote>\n<h4>Chi desidera automaticamente avere il testo delle riflessioni, mandi il proprio indirizzo email a riflessionevangelo@graficapastorale.com che lo spedir\u00e0 ogni settimana.<\/h4>\n<\/blockquote>\n<blockquote style=\"text-align: justify;\">\n<p><em><em>Gv 3, 16-18<\/em><br \/><em>Dal Vangelo secondo\u00a0Matteo<\/em><\/p>\n<p>\u2021 In quel tempo, Ges\u00f9 disse a Nicodemo: \u00abDio ha tanto amato il mondo da dare il suo Figlio unigenito, perch\u00e9 chiunque crede in lui non muoia, ma abbia la vita eterna.\u00a0<br \/>Dio non ha mandato il Figlio nel mondo per giudicare il mondo, ma perch\u00e9 il mondo si salvi per mezzo di lui.\u00a0<br \/>Chi crede in lui non \u00e8 condannato; ma chi non crede \u00e8 gi\u00e0 stato condannato, perch\u00e9 non ha creduto nel nome dell\u2019unigenito Figlio di Dio.<\/p>\n<p>C: Parola del Signore.<br \/>A: Lode a Te o Cristo.<br \/><\/em><\/p>\n<\/blockquote>\n<p class=\"link\"><a href=\"http:\/\/www.youtube.com\/watch?v=wDghTgIcR10\">Link al Video<\/a><\/p>\n","protected":false},"excerpt":{"rendered":"<p>&#8220;La Parola di Dio&#8220;, canale YouTube del prolifico Don Mauro di graficapastorale.it, propone una riflessione sul brano del Vangelo di domenica prossima, Gv 1, 29-34. Chi desidera automaticamente avere il testo delle riflessioni, mandi il proprio indirizzo email a riflessionevangelo@graficapastorale.com che lo spedir\u00e0 ogni settimana. Gv 3, 16-18Dal Vangelo secondo\u00a0Matteo \u2021 In quel tempo, Ges\u00f9&#8230;<\/p>\n","protected":false},"author":3,"featured_media":0,"comment_status":"closed","ping_status":"closed","sticky":false,"template":"","format":"standard","meta":{"_kad_post_transparent":"","_kad_post_title":"","_kad_post_layout":"","_kad_post_sidebar_id":"","_kad_post_content_style":"","_kad_post_vertical_padding":"","_kad_post_feature":"","_kad_post_feature_position":"","_kad_post_header":false,"_kad_post_footer":false,"_kad_post_classname":"","footnotes":""},"categories":[101,147],"tags":[522,172,83],"class_list":["post-232390","post","type-post","status-publish","format-standard","hentry","category-101","category-commento-al-vangelo","tag-santissima-trinita","tag-vangelo-della-domenica","tag-youtube"],"_links":{"self":[{"href":"https:\/\/archivio.cercoiltuovolto.it\/index.php?rest_route=\/wp\/v2\/posts\/232390","targetHints":{"allow":["GET"]}}],"collection":[{"href":"https:\/\/archivio.cercoiltuovolto.it\/index.php?rest_route=\/wp\/v2\/posts"}],"about":[{"href":"https:\/\/archivio.cercoiltuovolto.it\/index.php?rest_route=\/wp\/v2\/types\/post"}],"author":[{"embeddable":true,"href":"https:\/\/archivio.cercoiltuovolto.it\/index.php?rest_route=\/wp\/v2\/users\/3"}],"replies":[{"embeddable":true,"href":"https:\/\/archivio.cercoiltuovolto.it\/index.php?rest_route=%2Fwp%2Fv2%2Fcomments&post=232390"}],"version-history":[{"count":0,"href":"https:\/\/archivio.cercoiltuovolto.it\/index.php?rest_route=\/wp\/v2\/posts\/232390\/revisions"}],"wp:attachment":[{"href":"https:\/\/archivio.cercoiltuovolto.it\/index.php?rest_route=%2Fwp%2Fv2%2Fmedia&parent=232390"}],"wp:term":[{"taxonomy":"category","embeddable":true,"href":"https:\/\/archivio.cercoiltuovolto.it\/index.php?rest_route=%2Fwp%2Fv2%2Fcategories&post=232390"},{"taxonomy":"post_tag","embeddable":true,"href":"https:\/\/archivio.cercoiltuovolto.it\/index.php?rest_route=%2Fwp%2Fv2%2Ftags&post=232390"}],"curies":[{"name":"wp","href":"https:\/\/api.w.org\/{rel}","templated":true}]}}