{"id":232389,"date":"2011-06-17T06:33:56","date_gmt":"2011-06-17T06:33:56","guid":{"rendered":"https:\/\/archivio.cercoiltuovolto.it\/?p=232389"},"modified":"2011-06-17T06:33:56","modified_gmt":"2011-06-17T06:33:56","slug":"cd-enzo-bianchi-una-grammatica-dellamore-umano","status":"publish","type":"post","link":"https:\/\/archivio.cercoiltuovolto.it\/?p=232389","title":{"rendered":"CD &#8211; Enzo Bianchi &#8211; Una grammatica dell&#8217;amore umano"},"content":{"rendered":"<p style=\"text-align: justify;\"><a href=\"http:\/\/www.cercoiltuovolto.it\/wp-content\/uploads\/2011\/06\/Una-grammatica-dellamore-umano.jpg\"><img loading=\"lazy\" decoding=\"async\" class=\"alignleft size-medium wp-image-19255\" title=\"Una grammatica dell'amore umano\" src=\"http:\/\/www.cercoiltuovolto.it\/wp-content\/uploads\/2011\/06\/Una-grammatica-dellamore-umano-299x300.jpg\" alt=\"\" width=\"299\" height=\"300\" \/><\/a>\u201c<strong>Chi \u00e8 il mio prossimo?<\/strong>\u201d: di fronte a questa domanda che ci abita<strong>,<\/strong> Ges\u00f9 non scende sul piano della casistica, n\u00e9 apre un dibattito destinato ad allargare i confini in cui sta il prossimo, ma con grande parresia e autorevolezza d\u00e0 un insegnamento attraverso una parabola, un racconto esemplare\u2026\u00a0<strong>La prossimit\u00e0<\/strong> non \u00e8 un dato, ma\u00a0<strong>il risultato di un\u2019azione<\/strong>: io decido di farmi vicino, prossimo all\u2019altro; pertanto l<strong>a vera domanda <\/strong>che dobbiamo farci \u00e8: \u201c<strong>A chi mi faccio prossimo?<\/strong>\u201d.<\/p>\n<p style=\"text-align: justify;\"><strong>Ges\u00f9 ha esteso il comandamento dell\u2019amore del prossimo<\/strong> <strong>fino ai nemici<\/strong>, e ce lo ha insegnato con la sua stessa vita, compiendo\u00a0<strong>un cammino di amore<\/strong> che chiede anche a noi di realizzare. Questo itinerario non si nutre di idealit\u00e0, ma avviene attraverso gesti e atteggiamenti vissuti quotidianamente e che costituiscono\u00a0<strong>una grammatica umana dell\u2019amore<\/strong> che passa per l\u2019offerta del proprio tempo e della propria presenza all\u2019altro, l\u2019ascolto e la comunicazione, fino a porre se stessi al servizio della vita dell\u2019altro.<\/p>\n<p><em>In questo doppio CD \u00e8 inciso il secondo incontro del ciclo \u201cL\u2019amore del prossimo\u201d tenuto da fr. Enzo Bianchi a Bose il 12 giugno \u00a02011.<\/em><\/p>\n<p><em>Il primo incontro (8 maggio 2011) <a href=\"https:\/\/www.monasterodibose.it\/component\/page,shop.product_details\/flypage,flypage.tpl\/product_id,982\/option,com_virtuemart\/Itemid,335\/lang,it\/\">\u00e8 disponibile qui<\/a>.<\/em><\/p>\n<ul>\n<li>Prezzo: \u20ac12,00<\/li>\n<li>Durata:\u00a0<br \/>CD 1: 65 minuti\u00a0<br \/>CD 2: 65 minuti<\/li>\n<\/ul>\n<div class=\"powerpressbox\">[powerpress]<\/div>\n<p class=\"acquista-paragrafo\"><a href=\"https:\/\/www.monasterodibose.it\/component\/page,shop.product_details\/flypage,flypage.tpl\/product_id,987\/option,com_virtuemart\/Itemid,335\/lang,it\/\">Acquista il doppio cd<\/a><\/p>\n","protected":false},"excerpt":{"rendered":"<p>\u201cChi \u00e8 il mio prossimo?\u201d: di fronte a questa domanda che ci abita, Ges\u00f9 non scende sul piano della casistica, n\u00e9 apre un dibattito destinato ad allargare i confini in cui sta il prossimo, ma con grande parresia e autorevolezza d\u00e0 un insegnamento attraverso una parabola, un racconto esemplare\u2026\u00a0La prossimit\u00e0 non \u00e8 un dato, ma\u00a0il&#8230;<\/p>\n","protected":false},"author":3,"featured_media":0,"comment_status":"closed","ping_status":"closed","sticky":false,"template":"","format":"standard","meta":{"_kad_post_transparent":"","_kad_post_title":"","_kad_post_layout":"","_kad_post_sidebar_id":"","_kad_post_content_style":"","_kad_post_vertical_padding":"","_kad_post_feature":"","_kad_post_feature_position":"","_kad_post_header":false,"_kad_post_footer":false,"_kad_post_classname":"","footnotes":""},"categories":[101,164],"tags":[260,37,380],"class_list":["post-232389","post","type-post","status-publish","format-standard","hentry","category-101","category-amore","tag-cd","tag-gesu","tag-in-evidenza"],"_links":{"self":[{"href":"https:\/\/archivio.cercoiltuovolto.it\/index.php?rest_route=\/wp\/v2\/posts\/232389","targetHints":{"allow":["GET"]}}],"collection":[{"href":"https:\/\/archivio.cercoiltuovolto.it\/index.php?rest_route=\/wp\/v2\/posts"}],"about":[{"href":"https:\/\/archivio.cercoiltuovolto.it\/index.php?rest_route=\/wp\/v2\/types\/post"}],"author":[{"embeddable":true,"href":"https:\/\/archivio.cercoiltuovolto.it\/index.php?rest_route=\/wp\/v2\/users\/3"}],"replies":[{"embeddable":true,"href":"https:\/\/archivio.cercoiltuovolto.it\/index.php?rest_route=%2Fwp%2Fv2%2Fcomments&post=232389"}],"version-history":[{"count":0,"href":"https:\/\/archivio.cercoiltuovolto.it\/index.php?rest_route=\/wp\/v2\/posts\/232389\/revisions"}],"wp:attachment":[{"href":"https:\/\/archivio.cercoiltuovolto.it\/index.php?rest_route=%2Fwp%2Fv2%2Fmedia&parent=232389"}],"wp:term":[{"taxonomy":"category","embeddable":true,"href":"https:\/\/archivio.cercoiltuovolto.it\/index.php?rest_route=%2Fwp%2Fv2%2Fcategories&post=232389"},{"taxonomy":"post_tag","embeddable":true,"href":"https:\/\/archivio.cercoiltuovolto.it\/index.php?rest_route=%2Fwp%2Fv2%2Ftags&post=232389"}],"curies":[{"name":"wp","href":"https:\/\/api.w.org\/{rel}","templated":true}]}}