{"id":232387,"date":"2011-06-17T06:06:38","date_gmt":"2011-06-17T06:06:38","guid":{"rendered":"https:\/\/archivio.cercoiltuovolto.it\/?p=232387"},"modified":"2011-06-17T06:06:38","modified_gmt":"2011-06-17T06:06:38","slug":"padre-clemente-vismara-una-vita-non-basta","status":"publish","type":"post","link":"https:\/\/archivio.cercoiltuovolto.it\/?p=232387","title":{"rendered":"padre Clemente Vismara &#8211; Una vita non basta"},"content":{"rendered":"<p><img loading=\"lazy\" decoding=\"async\" class=\"alignleft size-full wp-image-19240\" title=\"una_vita_non_basta\" src=\"http:\/\/www.cercoiltuovolto.it\/wp-content\/uploads\/2011\/06\/50_una_vita_non_basta.jpg\" alt=\"\" width=\"138\" height=\"200\" \/>Un racconto dei 63 anni di missione di padre Clemente Vismara, missionario del Pontificio Istituto Missioni Estere, che da Agrate, in Brianza, and\u00f2 a lavorare nel sud-est esiatico, in quella che fino a qualche anno fa era la Birmania e oggi si chiama Myanmar.<\/p>\n<p>Il documentario ripercorre gran parte dei luoghi della regione Shan nei quali Vismara oper\u00f2  a favore di orfani e poveri : Taunggyi, Kengtung, Mong Ping, incontrando molti di coloro che lo hanno conosciuto.<\/p>\n<p>Uno spazio \u00e8 anche dedicato all\u2019attivit\u00e0 che il PIME, sul solco di Vismara, svolge in Thailandia appena al di l\u00e0 del confine, sempre con persone di etnia Ak\u00e0, per lo pi\u00f9 profughi dal Mynamar.<\/p>\n<p style=\"text-align: center;\">\n<div class=\"entry-content-asset videofit\"><iframe loading=\"lazy\" title=\"Una vita non basta\" width=\"720\" height=\"405\" src=\"https:\/\/www.youtube.com\/embed\/kVfqxExtQxY?feature=oembed\" frameborder=\"0\" allow=\"accelerometer; autoplay; clipboard-write; encrypted-media; gyroscope; picture-in-picture; web-share\" referrerpolicy=\"strict-origin-when-cross-origin\" allowfullscreen><\/iframe><\/div>\n<\/p>\n<p class=\"acquista-paragrafo\"><a href=\"http:\/\/www.nova-t.it\/sviluppo\/cms\/index.php?option=com_content&amp;task=view&amp;id=1172&amp;Itemid=163\">Acquista il DVD<\/a><\/p>\n","protected":false},"excerpt":{"rendered":"<p>Un racconto dei 63 anni di missione di padre Clemente Vismara, missionario del Pontificio Istituto Missioni Estere, che da Agrate, in Brianza, and\u00f2 a lavorare nel sud-est esiatico, in quella che fino a qualche anno fa era la Birmania e oggi si chiama Myanmar. Il documentario ripercorre gran parte dei luoghi della regione Shan nei&#8230;<\/p>\n","protected":false},"author":3,"featured_media":0,"comment_status":"closed","ping_status":"closed","sticky":false,"template":"","format":"standard","meta":{"_kad_post_transparent":"","_kad_post_title":"","_kad_post_layout":"","_kad_post_sidebar_id":"","_kad_post_content_style":"","_kad_post_vertical_padding":"","_kad_post_feature":"","_kad_post_feature_position":"","_kad_post_header":false,"_kad_post_footer":false,"_kad_post_classname":"","footnotes":""},"categories":[101,155],"tags":[258,19,113],"class_list":["post-232387","post","type-post","status-publish","format-standard","hentry","category-101","category-documentario","tag-dvd","tag-missionari","tag-video"],"_links":{"self":[{"href":"https:\/\/archivio.cercoiltuovolto.it\/index.php?rest_route=\/wp\/v2\/posts\/232387","targetHints":{"allow":["GET"]}}],"collection":[{"href":"https:\/\/archivio.cercoiltuovolto.it\/index.php?rest_route=\/wp\/v2\/posts"}],"about":[{"href":"https:\/\/archivio.cercoiltuovolto.it\/index.php?rest_route=\/wp\/v2\/types\/post"}],"author":[{"embeddable":true,"href":"https:\/\/archivio.cercoiltuovolto.it\/index.php?rest_route=\/wp\/v2\/users\/3"}],"replies":[{"embeddable":true,"href":"https:\/\/archivio.cercoiltuovolto.it\/index.php?rest_route=%2Fwp%2Fv2%2Fcomments&post=232387"}],"version-history":[{"count":0,"href":"https:\/\/archivio.cercoiltuovolto.it\/index.php?rest_route=\/wp\/v2\/posts\/232387\/revisions"}],"wp:attachment":[{"href":"https:\/\/archivio.cercoiltuovolto.it\/index.php?rest_route=%2Fwp%2Fv2%2Fmedia&parent=232387"}],"wp:term":[{"taxonomy":"category","embeddable":true,"href":"https:\/\/archivio.cercoiltuovolto.it\/index.php?rest_route=%2Fwp%2Fv2%2Fcategories&post=232387"},{"taxonomy":"post_tag","embeddable":true,"href":"https:\/\/archivio.cercoiltuovolto.it\/index.php?rest_route=%2Fwp%2Fv2%2Ftags&post=232387"}],"curies":[{"name":"wp","href":"https:\/\/api.w.org\/{rel}","templated":true}]}}