{"id":232372,"date":"2011-06-13T19:22:16","date_gmt":"2011-06-13T19:22:16","guid":{"rendered":"https:\/\/archivio.cercoiltuovolto.it\/?p=232372"},"modified":"2011-06-13T19:22:16","modified_gmt":"2011-06-13T19:22:16","slug":"commento-al-vangelo-di-domenica-19-giugno-2011-alberto-maggi","status":"publish","type":"post","link":"https:\/\/archivio.cercoiltuovolto.it\/?p=232372","title":{"rendered":"Commento al Vangelo di domenica 19 giugno 2011 &#8211; Alberto Maggi"},"content":{"rendered":"<p style=\"text-align: center;\">\n<p>Padre Alberto Maggi commenta  il Vangelo di domenica prossima (www.studibiblici.it).<\/p>\n<blockquote style=\"text-align: justify;\">\n<p><em><em>Gv 3, 16-18<\/em><br \/><em>Dal Vangelo secondo\u00a0Matteo<\/em><\/p>\n<p>\u2021 In quel tempo, Ges\u00f9 disse a Nicodemo: \u00abDio ha tanto amato il mondo da dare il suo Figlio unigenito, perch\u00e9 chiunque crede in lui non muoia, ma abbia la vita eterna.\u00a0<br \/>Dio non ha mandato il Figlio nel mondo per giudicare il mondo, ma perch\u00e9 il mondo si salvi per mezzo di lui.\u00a0<br \/>Chi crede in lui non \u00e8 condannato; ma chi non crede \u00e8 gi\u00e0 stato condannato, perch\u00e9 non ha creduto nel nome dell\u2019unigenito Figlio di Dio.<\/p>\n<p>C: Parola del Signore.<br \/>A: Lode a Te o Cristo.<br \/><\/em><\/p>\n<\/blockquote>\n<p><!--adsense--><\/p>\n<p class=\"link\" style=\"text-align: left;\"><a href=\"http:\/\/www.youtube.com\/watch?v=GkcNwlLiJS8\">Link al Video<\/a><\/p>\n","protected":false},"excerpt":{"rendered":"<p>Padre Alberto Maggi commenta il Vangelo di domenica prossima (www.studibiblici.it). Gv 3, 16-18Dal Vangelo secondo\u00a0Matteo \u2021 In quel tempo, Ges\u00f9 disse a Nicodemo: \u00abDio ha tanto amato il mondo da dare il suo Figlio unigenito, perch\u00e9 chiunque crede in lui non muoia, ma abbia la vita eterna.\u00a0Dio non ha mandato il Figlio nel mondo per&#8230;<\/p>\n","protected":false},"author":3,"featured_media":0,"comment_status":"closed","ping_status":"closed","sticky":false,"template":"","format":"standard","meta":{"_kad_post_transparent":"","_kad_post_title":"","_kad_post_layout":"","_kad_post_sidebar_id":"","_kad_post_content_style":"","_kad_post_vertical_padding":"","_kad_post_feature":"","_kad_post_feature_position":"","_kad_post_header":false,"_kad_post_footer":false,"_kad_post_classname":"","footnotes":""},"categories":[101,217],"tags":[5,522,172],"class_list":["post-232372","post","type-post","status-publish","format-standard","hentry","category-101","category-alberto-maggi","tag-commento-al-vangelo","tag-santissima-trinita","tag-vangelo-della-domenica"],"_links":{"self":[{"href":"https:\/\/archivio.cercoiltuovolto.it\/index.php?rest_route=\/wp\/v2\/posts\/232372","targetHints":{"allow":["GET"]}}],"collection":[{"href":"https:\/\/archivio.cercoiltuovolto.it\/index.php?rest_route=\/wp\/v2\/posts"}],"about":[{"href":"https:\/\/archivio.cercoiltuovolto.it\/index.php?rest_route=\/wp\/v2\/types\/post"}],"author":[{"embeddable":true,"href":"https:\/\/archivio.cercoiltuovolto.it\/index.php?rest_route=\/wp\/v2\/users\/3"}],"replies":[{"embeddable":true,"href":"https:\/\/archivio.cercoiltuovolto.it\/index.php?rest_route=%2Fwp%2Fv2%2Fcomments&post=232372"}],"version-history":[{"count":0,"href":"https:\/\/archivio.cercoiltuovolto.it\/index.php?rest_route=\/wp\/v2\/posts\/232372\/revisions"}],"wp:attachment":[{"href":"https:\/\/archivio.cercoiltuovolto.it\/index.php?rest_route=%2Fwp%2Fv2%2Fmedia&parent=232372"}],"wp:term":[{"taxonomy":"category","embeddable":true,"href":"https:\/\/archivio.cercoiltuovolto.it\/index.php?rest_route=%2Fwp%2Fv2%2Fcategories&post=232372"},{"taxonomy":"post_tag","embeddable":true,"href":"https:\/\/archivio.cercoiltuovolto.it\/index.php?rest_route=%2Fwp%2Fv2%2Ftags&post=232372"}],"curies":[{"name":"wp","href":"https:\/\/api.w.org\/{rel}","templated":true}]}}