{"id":232368,"date":"2011-06-13T19:10:01","date_gmt":"2011-06-13T19:10:01","guid":{"rendered":"https:\/\/archivio.cercoiltuovolto.it\/?p=232368"},"modified":"2011-06-13T19:10:01","modified_gmt":"2011-06-13T19:10:01","slug":"commento-al-vangelo-del-19-giugno-2011-paolo-curtaz","status":"publish","type":"post","link":"https:\/\/archivio.cercoiltuovolto.it\/?p=232368","title":{"rendered":"Commento al Vangelo del 19 giugno 2011 \u2013 Paolo Curtaz"},"content":{"rendered":"<h1 style=\"text-align: center;\"><\/h1>\n<h2>Santissima Trinit\u00e0<\/h2>\n<p>Es 34,4-9\/ 2Cor 13,11-13\/ Gv 3,16-18<\/p>\n<h1>Stupore<\/h1>\n<p>Di Dio, spesso, ci facciamo un\u2019idea terribile.<\/p>\n<p>Un\u2019idea che scaturisce dal profondo, che mette insieme le nostre paure, il senso di smarrimento che portiamo nel cuore quando affrontiamo le piccole o grandi difficolt\u00e0, che rimanda al mistero della vita: perch\u00e9 esistiamo? Chi lo ha deciso? Perch\u00e9?<\/p>\n<p>Un\u2019idea che, purtroppo, a volte deve fare i conti con i troppi cattolici che rovinano l\u2019immagine di Dio, che ne parlano male, che lo descrivono come un preside iracondo, un vigile intransigente, un despota lunatico ed imprevedibile da tenere a bada.<\/p>\n<p>Che brutta idea abbiamo di Dio!<\/p>\n<p>Un Dio che lascia morire di fame i bambini, che non ferma le guerre, che fa ammalare di cancro una giovane madre\u2026 Un Dio che non risolve i tanti problemi degli uomini, che li lascia annegare nel mare di difficolt\u00e0 della nostra contemporaneit\u00e0.<\/p>\n<p>Un Dio da temere, non da amare.<\/p>\n<p>Un Dio incomprensibile.<\/p>\n<p>E anche chi crede di non credere si \u00e8 fatto un\u2019idea di Dio. E proprio perch\u00e9 \u00e8 un\u2019immagine orribile che, spesso, decide di non credere. Meglio sperare che non ci sia nessuno, piuttosto che avere un Dio assetato di sangue.<\/p>\n<p>Esagero?<\/p>\n<p>No, fidatevi. La pi\u00f9 difficile conversione da compiere \u00e8 proprio quella che ci fa passare dal dio piccino che portiamo nel cuore al Dio grandioso che ci rivela la Bibbia.<\/p>\n<p>E non basta essere cattolici devoti per credere nel vero Dio.<\/p>\n<p>Ci voleva una domenica di riflessione da dedicare al volto di Dio che Ges\u00f9 ci ha raccontato.<\/p>\n<p>Questa domenica, la domenica della Trinit\u00e0.<\/p>\n<p class=\"link\" style=\"text-align: left;\"><a href=\"http:\/\/www.youtube.com\/watch?v=d6U2QSzurQc\">Link al video<\/a><\/p>\n<p><!--adsense--><\/p>\n<p><strong>Mos\u00e8<\/strong><\/p>\n<p>Ci vuole del tempo per fuggire l\u2019immagine demoniaca di Dio che portiamo nell\u2019intimo. E Israele ha fatto questo percorso purificando la propria fede attraverso l\u2019esperienza. Il Dio dei padri non era come quello dei popoli vicini, era migliore. Poi, con l\u2019Esodo, avviene una svolta determinante: il Dio dei padri interviene, agisce, si racconta, stipula un patto, un\u2019alleanza, un matrimonio con questo popolo di sbandati.<\/p>\n<p>Non ci sono altre divinit\u00e0, gli altri sono solo idoli.<\/p>\n<p>Nella Bibbia troviamo traccia di questa evoluzione: Dio vhiene inizialmente chiamato come <em>Elohim<\/em> (il Signore) o <em>El Shaddaj<\/em> (il dio delle altezze) fino alla rivelazione del suo volto, <em>Adonai <\/em>(Io sono colui che ti \u00e8 presente).<\/p>\n<p>Un Dio che interviene fisicamente per liberare il suo popolo, che lo educa, dopo averlo fatto uscire dall\u2019Egitto.<\/p>\n<p>Un Dio che ha a cuore il bene dell\u2019uomo, che gli rivela le dieci parole perch\u00e9 possa vivere.<\/p>\n<p>Nel bellissimo brano di oggi troviamo l\u2019incontro fra Dio e Mos\u00e8.<\/p>\n<p>\u00c8 il racconto della consegna delle parole, che troviamo almeno due volte nell\u2019Esodo. Prima di consegnare le parole, Dio si presenta: \u00e8 il fedele, il misericordioso, il pietoso, lento all\u2019ira e ricco di grazia. I nostri liturgisti, teneri, hanno cancellato il versetto in cui si dice \u201cche punisce le colpe dei padri nei figli fino alla terza generazione\u201d.<\/p>\n<p>Orribile traduzione: <em>Poq\u00e8d<\/em> non \u00e8 punire, ma verificare (Da qui deriva <em>paquid<\/em>, il funzionario): il patto pu\u00f2 essere trasgredito senza che lo si annulli: se i padri trasgrediscono, si verificheranno i figli, per dar loro una nuova possibilit\u00e0, per vedere se esiste un\u2019ennesima opportunit\u00e0 di redenzione.<\/p>\n<p><strong>Paolo<\/strong><\/p>\n<p>Paolo, scrivendo ai Corinti, testimonia la progressiva comprensione del mistero di Ges\u00f9 che le prime comunit\u00e0 stanno compiendo.<\/p>\n<p>Ges\u00f9 non \u00e8 soltanto un grande profeta, e nemmeno solo il messia, egli \u00e8 il Figlio stesso di Dio. E, essendo il Figlio, svela chi \u00e8 Dio in profondit\u00e0, un mistero di comunione, un Padre\/Madre che ama un figlio e questo amore si personifica nello Spirito Santo.<\/p>\n<p>La Trinit\u00e0 non \u00e8 un\u2019inutile complicazione inventata dai primi cristiani (nel paese pi\u00f9 monoteista della Storia, complimenti!), ma la progressiva comprensione di una grande verit\u00e0.<\/p>\n<p>Dio \u00e8 famiglia, festa, comunicazione, comunione, danza.<\/p>\n<p>Ed questa unione senza confusione \u00e8 talmente realizzata, che noi, guardando da fuori, vediamo un unico Dio.<\/p>\n<p><strong>Ges\u00f9<\/strong><\/p>\n<p>Ges\u00f9 conosce bene il Padre, perch\u00e9 lui e il Padre sono una cosa sola.<\/p>\n<p>Non \u00e8 vendicativo, Dio, vuole la nostra salvezza pi\u00f9 di quanto noi stessi la vogliamo. Non vuole condannare il mondo, ma redimerlo! Dio ama il mondo che noi a volte disprezziamo (che sciocchi!).<\/p>\n<p><strong>Noi<\/strong><\/p>\n<p>Siamo stati creati a immagine e somiglianza di Dio.<\/p>\n<p>L\u2019immagine c\u2019\u00e8 gi\u00e0, la somiglianza la dobbiamo creare giorno per giorno, guardando a Dio ed imitandolo.<\/p>\n<p>Un Dio misericordioso che offre possibilit\u00e0.<\/p>\n<p>Un Dio comunione che ci rivela che l\u2019egoismo contraddice la nostra natura profonda.<\/p>\n<p>Un Dio che desidera e opera la salvezza per ogni uomo, senza distinguere amici e nemici.<\/p>\n<p>Un Dio cos\u00ec bello che ci rende veri.<\/p>\n<p class=\"link\" style=\"text-align: justify;\"><a href=\"http:\/\/www.paolocurtaz.it\">www.paolocurtaz.it<\/a><\/p>\n","protected":false},"excerpt":{"rendered":"<p>Santissima Trinit\u00e0 Es 34,4-9\/ 2Cor 13,11-13\/ Gv 3,16-18 Stupore Di Dio, spesso, ci facciamo un\u2019idea terribile. Un\u2019idea che scaturisce dal profondo, che mette insieme le nostre paure, il senso di smarrimento che portiamo nel cuore quando affrontiamo le piccole o grandi difficolt\u00e0, che rimanda al mistero della vita: perch\u00e9 esistiamo? Chi lo ha deciso? Perch\u00e9?&#8230;<\/p>\n","protected":false},"author":3,"featured_media":0,"comment_status":"closed","ping_status":"closed","sticky":false,"template":"","format":"standard","meta":{"_kad_post_transparent":"","_kad_post_title":"","_kad_post_layout":"","_kad_post_sidebar_id":"","_kad_post_content_style":"","_kad_post_vertical_padding":"","_kad_post_feature":"","_kad_post_feature_position":"","_kad_post_header":false,"_kad_post_footer":false,"_kad_post_classname":"","footnotes":""},"categories":[101,147],"tags":[223,522,172],"class_list":["post-232368","post","type-post","status-publish","format-standard","hentry","category-101","category-commento-al-vangelo","tag-paolo-curtaz","tag-santissima-trinita","tag-vangelo-della-domenica"],"_links":{"self":[{"href":"https:\/\/archivio.cercoiltuovolto.it\/index.php?rest_route=\/wp\/v2\/posts\/232368","targetHints":{"allow":["GET"]}}],"collection":[{"href":"https:\/\/archivio.cercoiltuovolto.it\/index.php?rest_route=\/wp\/v2\/posts"}],"about":[{"href":"https:\/\/archivio.cercoiltuovolto.it\/index.php?rest_route=\/wp\/v2\/types\/post"}],"author":[{"embeddable":true,"href":"https:\/\/archivio.cercoiltuovolto.it\/index.php?rest_route=\/wp\/v2\/users\/3"}],"replies":[{"embeddable":true,"href":"https:\/\/archivio.cercoiltuovolto.it\/index.php?rest_route=%2Fwp%2Fv2%2Fcomments&post=232368"}],"version-history":[{"count":0,"href":"https:\/\/archivio.cercoiltuovolto.it\/index.php?rest_route=\/wp\/v2\/posts\/232368\/revisions"}],"wp:attachment":[{"href":"https:\/\/archivio.cercoiltuovolto.it\/index.php?rest_route=%2Fwp%2Fv2%2Fmedia&parent=232368"}],"wp:term":[{"taxonomy":"category","embeddable":true,"href":"https:\/\/archivio.cercoiltuovolto.it\/index.php?rest_route=%2Fwp%2Fv2%2Fcategories&post=232368"},{"taxonomy":"post_tag","embeddable":true,"href":"https:\/\/archivio.cercoiltuovolto.it\/index.php?rest_route=%2Fwp%2Fv2%2Ftags&post=232368"}],"curies":[{"name":"wp","href":"https:\/\/api.w.org\/{rel}","templated":true}]}}