{"id":232336,"date":"2011-06-05T09:21:21","date_gmt":"2011-06-05T09:21:21","guid":{"rendered":"https:\/\/archivio.cercoiltuovolto.it\/?p=232336"},"modified":"2011-06-05T09:21:21","modified_gmt":"2011-06-05T09:21:21","slug":"benedetto-xvi-in-croazia-veglia-con-i-giovani-discorso-del-santo-padre-in-mp3","status":"publish","type":"post","link":"https:\/\/archivio.cercoiltuovolto.it\/?p=232336","title":{"rendered":"Benedetto XVI in Croazia &#8211; Veglia con i giovani. Discorso del Santo Padre in mp3"},"content":{"rendered":"<blockquote>\n<p style=\"text-align: center;\">\n<p><em>Cari giovani!<\/em><\/p>\n<p>Vi saluto tutti con grande affetto! Sono particolarmente contento di essere con voi, in questa piazza storica che rappresenta il cuore della citt\u00e0 di Zagabria. Un luogo di incontri e di comunicazione, dove spesso dominano il rumore e il movimento della vita quotidiana. Ora, la vostra presenza la trasforma quasi in un \u201ctempio\u201d, la cui volta \u00e8 il cielo stesso, che questa sera sembra come chinarsi su di noi. Nel silenzio vogliamo accogliere la Parola di Dio che \u00e8 stata proclamata, perch\u00e9 illumini le nostre menti e riscaldi i nostri cuori.<\/p>\n<p>Ringrazio vivamente Mons. Sraki\u0107, il Presidente della Conferenza Episcopale, per le parole con cui ha introdotto il nostro incontro; e in modo particolare saluto e ringrazio i due giovani, che ci hanno offerto le loro belle testimonianze. L\u2019esperienza vissuta da Daniel ricorda quella di sant\u2019Agostino: \u00e8 l\u2019esperienza del cercare l\u2019amore \u201cfuori\u201d e poi scoprire che \u00e8 pi\u00f9 vicino a me di me stesso, mi \u201ctocca\u201d nel profondo e mi purifica\u2026 Mateja invece ci ha parlato della bellezza della comunit\u00e0, che apre il cuore, la mente e il carattere\u2026 Grazie a tutti e due!<\/p>\n<p>San Paolo \u2013 nella Lettura che \u00e8 stata proclamata \u2013 ci ha invitato ad essere \u201csempre lieti nel Signore\u201d (<em>Fil <\/em>4,4). E\u2019 una parola che fa vibrare l\u2019anima, se consideriamo che l\u2019Apostolo delle genti scrive questa Lettera ai cristiani di Filippi mentre si trova in carcere, in attesa di essere giudicato. Egli \u00e8 incatenato, ma l\u2019annuncio e la testimonianza del Vangelo non possono essere imprigionati. L\u2019esperienza di san Paolo rivela come sia possibile, nel nostro cammino, custodire la gioia anche nei momenti oscuri. A quale gioia egli fa riferimento? Tutti sappiamo che nel cuore di ognuno dimora un forte desiderio di felicit\u00e0. Ogni azione, ogni scelta, ogni intenzione porta celata in s\u00e9 questa intima e naturale esigenza. Ma molto spesso ci si accorge di aver riposto la fiducia in realt\u00e0 che non appagano quel desiderio, anzi, rivelano tutta la loro precariet\u00e0. Ed \u00e8 in questi momenti che si sperimenta il bisogno di qualcosa che vada \u201coltre\u201d, che doni senso al vivere quotidiano.<\/p>\n<p><!--adsense--><\/p>\n<p>Cari amici, la vostra giovinezza \u00e8 un tempo che il Signore vi dona per poter scoprire il significato dell\u2019esistenza! \u00c8 il tempo dei grandi orizzonti, dei sentimenti vissuti con intensit\u00e0, ma anche delle paure per le scelte impegnative e durature, delle difficolt\u00e0 nello studio e nel lavoro, degli interrogativi intorno al mistero del dolore e della sofferenza. Ancora di pi\u00f9, questo tempo stupendo della vostra vita porta in s\u00e9 un anelito profondo, che non annulla tutto il resto ma lo eleva per dargli pienezza. Nel Vangelo di Giovanni Ges\u00f9, rivolgendosi ai suoi primi discepoli, chiede: \u201cChe cosa cercate?\u201d (<em>Gv<\/em> 1,38). Cari giovani, queste parole, questa domanda attraversa il tempo e lo spazio, interpella ogni uomo e ogni donna che si apre alla vita e cerca la strada giusta&#8230; Ed ecco la cosa sorprendente: la voce di Cristo ripete anche a voi: \u201cChe cosa cercate?\u201d. Ges\u00f9 vi parla oggi: mediante il Vangelo e lo Spirito Santo, Egli \u00e8 vostro contemporaneo. \u00c8 Lui che cerca voi, prima ancora che voi lo cerchiate! Rispettando pienamente la vostra libert\u00e0, Egli si avvicina a ciascuno di voi e si propone come la risposta autentica e decisiva a quell\u2019anelito che abita il vostro essere, al desiderio di una vita che valga la pena di essere vissuta. Lasciate che vi prenda per mano! Lasciate che entri sempre di pi\u00f9 come amico e compagno del vostro cammino! DateGli fiducia, non vi deluder\u00e0 mai! Ges\u00f9 vi fa conoscere da vicino l\u2019amore di Dio Padre, vi fa comprendere che la vostra felicit\u00e0 si realizza nell\u2019amicizia con Lui, nella comunione con Lui, perch\u00e9 siamo stati creati e salvati per amore, e solo nell\u2019amore, quello che vuole e cerca il bene dell\u2019altro, sperimentiamo veramente il significato della vita e siamo contenti di viverla, anche nelle fatiche, nelle prove, nelle delusioni, anche andando controcorrente.<\/p>\n<ul>\n<li><a href=\"http:\/\/www.vatican.va\/holy_father\/benedict_xvi\/speeches\/2011\/june\/documents\/hf_ben-xvi_spe_20110604_veglia-croazia_it.html\">Leggi tutto il messaggio<\/a> <em>\u00a9 Copyright 2011 &#8211; Libreria  Editrice Vaticana<\/em><\/li>\n<\/ul>\n<\/blockquote>\n<div class=\"powerpressbox\">[powerpress]<\/div>\n<p style=\"text-align: justify;\"><strong>Fonte<\/strong>: Radio Vaticana via FeedRss<\/p>\n<blockquote>\n<p style=\"text-align: justify;\"><span style=\"font-size: xx-small;\"><em>(The content of this podcast is copyrighted by Vatican Radio which, according to  its statute, is entrusted to manage and protect the sound recordings of the  Roman Pontiff, ensuring that their pastoral character and intellectual  property&#8217;s rights are protected when used by third parties. The content of this  podcast is made available only for personal and private use and cannot be  exploited for commercial purposes, without prior written authorization by  Vatican Radio. For further information, please contact the International  Relation Office at relint@vatiradio.va)<\/em><\/span><\/p>\n<\/blockquote>\n","protected":false},"excerpt":{"rendered":"<p>Cari giovani! Vi saluto tutti con grande affetto! Sono particolarmente contento di essere con voi, in questa piazza storica che rappresenta il cuore della citt\u00e0 di Zagabria. Un luogo di incontri e di comunicazione, dove spesso dominano il rumore e il movimento della vita quotidiana. Ora, la vostra presenza la trasforma quasi in un \u201ctempio\u201d,&#8230;<\/p>\n","protected":false},"author":3,"featured_media":0,"comment_status":"closed","ping_status":"closed","sticky":false,"template":"","format":"standard","meta":{"_kad_post_transparent":"","_kad_post_title":"","_kad_post_layout":"","_kad_post_sidebar_id":"","_kad_post_content_style":"","_kad_post_vertical_padding":"","_kad_post_feature":"","_kad_post_feature_position":"","_kad_post_header":false,"_kad_post_footer":false,"_kad_post_classname":"","footnotes":""},"categories":[101,127],"tags":[9,256],"class_list":["post-232336","post","type-post","status-publish","format-standard","hentry","category-101","category-benedetto-xvi","tag-vaticano","tag-viaggio-apostolico"],"_links":{"self":[{"href":"https:\/\/archivio.cercoiltuovolto.it\/index.php?rest_route=\/wp\/v2\/posts\/232336","targetHints":{"allow":["GET"]}}],"collection":[{"href":"https:\/\/archivio.cercoiltuovolto.it\/index.php?rest_route=\/wp\/v2\/posts"}],"about":[{"href":"https:\/\/archivio.cercoiltuovolto.it\/index.php?rest_route=\/wp\/v2\/types\/post"}],"author":[{"embeddable":true,"href":"https:\/\/archivio.cercoiltuovolto.it\/index.php?rest_route=\/wp\/v2\/users\/3"}],"replies":[{"embeddable":true,"href":"https:\/\/archivio.cercoiltuovolto.it\/index.php?rest_route=%2Fwp%2Fv2%2Fcomments&post=232336"}],"version-history":[{"count":0,"href":"https:\/\/archivio.cercoiltuovolto.it\/index.php?rest_route=\/wp\/v2\/posts\/232336\/revisions"}],"wp:attachment":[{"href":"https:\/\/archivio.cercoiltuovolto.it\/index.php?rest_route=%2Fwp%2Fv2%2Fmedia&parent=232336"}],"wp:term":[{"taxonomy":"category","embeddable":true,"href":"https:\/\/archivio.cercoiltuovolto.it\/index.php?rest_route=%2Fwp%2Fv2%2Fcategories&post=232336"},{"taxonomy":"post_tag","embeddable":true,"href":"https:\/\/archivio.cercoiltuovolto.it\/index.php?rest_route=%2Fwp%2Fv2%2Ftags&post=232336"}],"curies":[{"name":"wp","href":"https:\/\/api.w.org\/{rel}","templated":true}]}}