{"id":232330,"date":"2011-06-04T06:35:57","date_gmt":"2011-06-04T06:35:57","guid":{"rendered":"https:\/\/archivio.cercoiltuovolto.it\/?p=232330"},"modified":"2011-06-04T06:35:57","modified_gmt":"2011-06-04T06:35:57","slug":"commento-al-vangelo-del-5-giugno-2011-don-mauro-pozzi","status":"publish","type":"post","link":"https:\/\/archivio.cercoiltuovolto.it\/?p=232330","title":{"rendered":"Commento al Vangelo del 5 giugno 2011 &#8211; don Mauro Pozzi"},"content":{"rendered":"<p style=\"text-align: justify;\">Il commento al Vangelo della domenica a cura di don Mauro Pozzi parroco della Parrocchia S. Giovanni Battista, Novara.<\/p>\n<blockquote>\n<p>SONO CON VOI<\/p>\n<p>Nei quaranta giorni dopo la resurrezione Ges\u00f9 \u00e8 apparso varie volte ai suoi discepoli per rassicurarli e provare loro che era veramente vivo. Non tutti per\u00f2  erano persuasi a quanto ci dice l\u2019evangelista Matteo. \u00c8 lo Spirito Santo che  completer\u00e0 la loro formazione. Si avvicina il momento per gli Apostoli di cominciare la loro missione. Apostolo significa inviato, per questo il Maestro dice  loro di andare in tutto il mondo. Nel vangelo di domenica scorsa Ges\u00f9 afferma  che, mentre il mondo non lo vedr\u00e0 pi\u00f9, i discepoli lo vedranno, perch\u00e9 condividono la sua stessa vita. Dalla sua ascensione in poi, Ges\u00f9 sar\u00e0 visibile attraverso di loro. \u00c8 cos\u00ec anche oggi. Il sacerdote, quando celebra la Messa, \u00e8 Ges\u00f9  che spezza il pane per i suoi, e come per i discepoli di Emmaus, noi possiamo  riconoscerlo in quel gesto. Ogni credente che ci parla di Lui ce lo rende presente. La sua missione non si \u00e8 conclusa con l\u2019ascensione, ma continua attraverso  le persone che lo seguono. Inoltre, salendo al Padre, il Maestro porta con s\u00e9 la  sua umanit\u00e0 e apre la via che anche noi percorreremo dopo la resurrezione.  Egli attira tutti a s\u00e9 nel suo innalzarsi e ci invita ad andare fino ai confini della  terra per coinvolgere con il battesimo tutti gli uomini in questa corrente che  collega la terra con il cielo.  Ges\u00f9 \u00e8 accanto a noi in questa missione  evangelizzatrice:  ecco, io sono con voi tutti i giorni, fino alla fine del mondo. Il  Maestro nel suo mandato non alludeva solo ai confini geografici, ma anche ai  confini della storia. La chiesa ci traghetta verso  l\u2019eternit\u00e0 attraverso il tempo.  Ancora oggi noi continuiamo ad annunciare e a battezzare nel suo nome. Non  sono solo i sacerdoti a farlo, ma tutti i credenti. Voi lo realizzate trasmettendo  la vostra fede ai figli, vivendo una vita da cristiani, mostrando a tutti che la vostra speranza va oltre la vita. \u00c8 questo il senso della preghiera di Paolo che  invoca per noi uno spirito di sapienza, perch\u00e9 possiamo comprendere a quale  speranza ci ha chiamati. Ges\u00f9 \u00e8 pi\u00f9 grande di tutte le potenze presenti e  future. Questi duemila anni hanno visto nascere e cadere regni e imperi,  ideologie che pretendevano di orientare tutta la vita degli uomini, ma niente \u00e8  durato come dura la chiesa e il vangelo. Il Signore sar\u00e0 con noi fino alla fine  del mondo. Noi possiamo comunicare con lui nell\u2019eucarestia e, attraverso quel  pane, siamo in comunione con tutta la chiesa, passata, presente e futura, perch\u00e9 attingiamo alla fonte che le d\u00e0 vita e che ci fa pregustare l\u2019eternit\u00e0.<\/p>\n<\/blockquote>\n<p><a href=\"http:\/\/www.youtube.com\/watch?v=-VTtTHPPgWI\">Link al video<\/a><\/p>\n<p><!--adsense--><\/p>\n","protected":false},"excerpt":{"rendered":"<p>Il commento al Vangelo della domenica a cura di don Mauro Pozzi parroco della Parrocchia S. Giovanni Battista, Novara.<\/p>\n","protected":false},"author":3,"featured_media":0,"comment_status":"closed","ping_status":"closed","sticky":false,"template":"","format":"standard","meta":{"_kad_post_transparent":"","_kad_post_title":"","_kad_post_layout":"","_kad_post_sidebar_id":"","_kad_post_content_style":"","_kad_post_vertical_padding":"","_kad_post_feature":"","_kad_post_feature_position":"","_kad_post_header":false,"_kad_post_footer":false,"_kad_post_classname":"","footnotes":""},"categories":[101,211],"tags":[5,388,172],"class_list":["post-232330","post","type-post","status-publish","format-standard","hentry","category-101","category-ascensione-del-signore","tag-commento-al-vangelo","tag-don-mauro-pozzi","tag-vangelo-della-domenica"],"_links":{"self":[{"href":"https:\/\/archivio.cercoiltuovolto.it\/index.php?rest_route=\/wp\/v2\/posts\/232330","targetHints":{"allow":["GET"]}}],"collection":[{"href":"https:\/\/archivio.cercoiltuovolto.it\/index.php?rest_route=\/wp\/v2\/posts"}],"about":[{"href":"https:\/\/archivio.cercoiltuovolto.it\/index.php?rest_route=\/wp\/v2\/types\/post"}],"author":[{"embeddable":true,"href":"https:\/\/archivio.cercoiltuovolto.it\/index.php?rest_route=\/wp\/v2\/users\/3"}],"replies":[{"embeddable":true,"href":"https:\/\/archivio.cercoiltuovolto.it\/index.php?rest_route=%2Fwp%2Fv2%2Fcomments&post=232330"}],"version-history":[{"count":0,"href":"https:\/\/archivio.cercoiltuovolto.it\/index.php?rest_route=\/wp\/v2\/posts\/232330\/revisions"}],"wp:attachment":[{"href":"https:\/\/archivio.cercoiltuovolto.it\/index.php?rest_route=%2Fwp%2Fv2%2Fmedia&parent=232330"}],"wp:term":[{"taxonomy":"category","embeddable":true,"href":"https:\/\/archivio.cercoiltuovolto.it\/index.php?rest_route=%2Fwp%2Fv2%2Fcategories&post=232330"},{"taxonomy":"post_tag","embeddable":true,"href":"https:\/\/archivio.cercoiltuovolto.it\/index.php?rest_route=%2Fwp%2Fv2%2Ftags&post=232330"}],"curies":[{"name":"wp","href":"https:\/\/api.w.org\/{rel}","templated":true}]}}