{"id":232324,"date":"2011-06-01T09:52:47","date_gmt":"2011-06-01T09:52:47","guid":{"rendered":"https:\/\/archivio.cercoiltuovolto.it\/?p=232324"},"modified":"2011-06-01T09:52:47","modified_gmt":"2011-06-01T09:52:47","slug":"commento-al-vangelo-del-5-giugno-2011-don-fabio-rosini","status":"publish","type":"post","link":"https:\/\/archivio.cercoiltuovolto.it\/?p=232324","title":{"rendered":"Commento al Vangelo del 5 giugno 2011 \u2013 don Fabio Rosini"},"content":{"rendered":"<p style=\"text-align: center;\">\n<p>Il biblista don Fabio Rosini commenta il Vangelo di <strong>domenica prossima <\/strong>dai microfoni di <a href=\"http:\/\/www.radiovaticana.org\/orc\/Articolo.asp?c=491841\" target=\"_blank\">Radio Vaticana<\/a>.<\/p>\n<blockquote>\n<p><em>Mt 28, 16-20<\/em><br \/><em>Dal Vangelo secondo\u00a0Matteo<\/em><br \/>In quel tempo, gli undici discepoli andarono in Galilea, sul monte che Ges\u00f9 aveva loro indicato.<br \/>Quando lo videro, si prostrarono. Essi per\u00f2 dubitarono. Ges\u00f9 si avvicin\u00f2 e disse loro: \u00abA me \u00e8 stato dato ogni potere in cielo e sulla terra. Andate dunque e fate discepoli tutti i popoli, battezzandoli nel nome del Padre e del Figlio e dello Spirito Santo, insegnando loro a osservare tutto ci\u00f2 che vi ho comandato. Ed ecco, io sono con voi tutti i giorni, fino alla fine del mondo\u00bb.<br \/>C: Parola del Signore.<br \/>A: Lode a Te o Cristo.<\/p>\n<\/blockquote>\n<div class=\"powerpressbox\">[powerpress]<\/div>\n","protected":false},"excerpt":{"rendered":"<p>Il biblista don Fabio Rosini commenta il Vangelo di domenica prossima dai microfoni di Radio Vaticana. Mt 28, 16-20Dal Vangelo secondo\u00a0MatteoIn quel tempo, gli undici discepoli andarono in Galilea, sul monte che Ges\u00f9 aveva loro indicato.Quando lo videro, si prostrarono. Essi per\u00f2 dubitarono. Ges\u00f9 si avvicin\u00f2 e disse loro: \u00abA me \u00e8 stato dato ogni&#8230;<\/p>\n","protected":false},"author":3,"featured_media":0,"comment_status":"closed","ping_status":"closed","sticky":false,"template":"","format":"standard","meta":{"_kad_post_transparent":"","_kad_post_title":"","_kad_post_layout":"","_kad_post_sidebar_id":"","_kad_post_content_style":"","_kad_post_vertical_padding":"","_kad_post_feature":"","_kad_post_feature_position":"","_kad_post_header":false,"_kad_post_footer":false,"_kad_post_classname":"","footnotes":""},"categories":[101,211],"tags":[115,5,27],"class_list":["post-232324","post","type-post","status-publish","format-standard","hentry","category-101","category-ascensione-del-signore","tag-audio","tag-commento-al-vangelo","tag-radio-vaticana"],"_links":{"self":[{"href":"https:\/\/archivio.cercoiltuovolto.it\/index.php?rest_route=\/wp\/v2\/posts\/232324","targetHints":{"allow":["GET"]}}],"collection":[{"href":"https:\/\/archivio.cercoiltuovolto.it\/index.php?rest_route=\/wp\/v2\/posts"}],"about":[{"href":"https:\/\/archivio.cercoiltuovolto.it\/index.php?rest_route=\/wp\/v2\/types\/post"}],"author":[{"embeddable":true,"href":"https:\/\/archivio.cercoiltuovolto.it\/index.php?rest_route=\/wp\/v2\/users\/3"}],"replies":[{"embeddable":true,"href":"https:\/\/archivio.cercoiltuovolto.it\/index.php?rest_route=%2Fwp%2Fv2%2Fcomments&post=232324"}],"version-history":[{"count":0,"href":"https:\/\/archivio.cercoiltuovolto.it\/index.php?rest_route=\/wp\/v2\/posts\/232324\/revisions"}],"wp:attachment":[{"href":"https:\/\/archivio.cercoiltuovolto.it\/index.php?rest_route=%2Fwp%2Fv2%2Fmedia&parent=232324"}],"wp:term":[{"taxonomy":"category","embeddable":true,"href":"https:\/\/archivio.cercoiltuovolto.it\/index.php?rest_route=%2Fwp%2Fv2%2Fcategories&post=232324"},{"taxonomy":"post_tag","embeddable":true,"href":"https:\/\/archivio.cercoiltuovolto.it\/index.php?rest_route=%2Fwp%2Fv2%2Ftags&post=232324"}],"curies":[{"name":"wp","href":"https:\/\/api.w.org\/{rel}","templated":true}]}}