{"id":232307,"date":"2011-05-28T23:57:21","date_gmt":"2011-05-28T23:57:21","guid":{"rendered":"https:\/\/archivio.cercoiltuovolto.it\/?p=232307"},"modified":"2011-05-28T23:57:21","modified_gmt":"2011-05-28T23:57:21","slug":"commento-al-vangelo-del-29-maggio-2011-p-massimo-granieri","status":"publish","type":"post","link":"https:\/\/archivio.cercoiltuovolto.it\/?p=232307","title":{"rendered":"Commento al Vangelo del 29 maggio 2011 &#8211; p. Massimo Granieri"},"content":{"rendered":"<p style=\"text-align: center;\">\n<p style=\"text-align: justify;\">Posto l\u2019audio commento al vangelo della domenica e penso alle persecuzioni dei primi cristiani. Costretti a fuggire, hanno annunciato e diffuso il vangelo ovunque nel mondo.\u00a0I miracoli della fede\u2026 straordinario! Ogni cosa \u00e8 trasformata e resa feconda. Il vangelo della domenica commentato in radio, su\u00a0<a href=\"http:\/\/www.rlb.it\/\" target=\"_blank\">RLB<\/a><\/p>\n<blockquote>\n<p><strong>Vangelo: Giovanni 14,15-21<\/strong><\/p>\n<p><em>Pregher\u00f2 il Padre e vi dar\u00e0 un altro Par\u00e0clito.<\/em><\/p>\n<p>In quel tempo, Ges\u00f9 disse ai suoi discepoli: \u00abSe mi amate, osserverete i miei comandamenti; e io pregher\u00f2 il Padre ed egli vi dar\u00e0 un altro Par\u00e0clito perch\u00e9 rimanga con voi per sempre, lo Spirito della verit\u00e0, che il mondo non pu\u00f2 ricevere perch\u00e9 non lo vede e non lo conosce. Voi lo conoscete perch\u00e9 egli rimane presso di voi e sar\u00e0 in voi.<\/p>\n<p>Non vi lascer\u00f2 orfani: verr\u00f2 da voi. Ancora un poco e il mondo non mi vedr\u00e0 pi\u00f9; voi invece mi vedrete, perch\u00e9 io vivo e voi vivrete. In quel giorno voi saprete che io sono nel Padre mio e voi in me e io in voi.<\/p>\n<p>Chi accoglie i miei comandamenti e li osserva, questi \u00e8 colui che mi ama. Chi ama me sar\u00e0 amato dal Padre mio e anch\u2019io lo amer\u00f2 e mi manifester\u00f2 a lui\u00bb.<\/p>\n<\/blockquote>\n<blockquote><\/blockquote>\n<div class=\"powerpressbox\" style=\"text-align: justify;\">[powerpress]<\/div>\n<p class=\"link\">Fonte: <a href=\"xxxxxxxx\">p. Massimo Granieri<\/a><\/p>\n","protected":false},"excerpt":{"rendered":"<p>Posto l\u2019audio commento al vangelo della domenica e penso alle persecuzioni dei primi cristiani. Costretti a fuggire, hanno annunciato e diffuso il vangelo ovunque nel mondo.\u00a0I miracoli della fede\u2026 straordinario! Ogni cosa \u00e8 trasformata e resa feconda. Il vangelo della domenica commentato in radio, su\u00a0RLB Vangelo: Giovanni 14,15-21 Pregher\u00f2 il Padre e vi dar\u00e0 un&#8230;<\/p>\n","protected":false},"author":3,"featured_media":0,"comment_status":"closed","ping_status":"closed","sticky":false,"template":"","format":"standard","meta":{"_kad_post_transparent":"","_kad_post_title":"","_kad_post_layout":"","_kad_post_sidebar_id":"","_kad_post_content_style":"","_kad_post_vertical_padding":"","_kad_post_feature":"","_kad_post_feature_position":"","_kad_post_header":false,"_kad_post_footer":false,"_kad_post_classname":"","footnotes":""},"categories":[101,4],"tags":[5,385,31],"class_list":["post-232307","post","type-post","status-publish","format-standard","hentry","category-101","category-audio-cattolici","tag-commento-al-vangelo","tag-passionisti","tag-radio-nel-web"],"_links":{"self":[{"href":"https:\/\/archivio.cercoiltuovolto.it\/index.php?rest_route=\/wp\/v2\/posts\/232307","targetHints":{"allow":["GET"]}}],"collection":[{"href":"https:\/\/archivio.cercoiltuovolto.it\/index.php?rest_route=\/wp\/v2\/posts"}],"about":[{"href":"https:\/\/archivio.cercoiltuovolto.it\/index.php?rest_route=\/wp\/v2\/types\/post"}],"author":[{"embeddable":true,"href":"https:\/\/archivio.cercoiltuovolto.it\/index.php?rest_route=\/wp\/v2\/users\/3"}],"replies":[{"embeddable":true,"href":"https:\/\/archivio.cercoiltuovolto.it\/index.php?rest_route=%2Fwp%2Fv2%2Fcomments&post=232307"}],"version-history":[{"count":0,"href":"https:\/\/archivio.cercoiltuovolto.it\/index.php?rest_route=\/wp\/v2\/posts\/232307\/revisions"}],"wp:attachment":[{"href":"https:\/\/archivio.cercoiltuovolto.it\/index.php?rest_route=%2Fwp%2Fv2%2Fmedia&parent=232307"}],"wp:term":[{"taxonomy":"category","embeddable":true,"href":"https:\/\/archivio.cercoiltuovolto.it\/index.php?rest_route=%2Fwp%2Fv2%2Fcategories&post=232307"},{"taxonomy":"post_tag","embeddable":true,"href":"https:\/\/archivio.cercoiltuovolto.it\/index.php?rest_route=%2Fwp%2Fv2%2Ftags&post=232307"}],"curies":[{"name":"wp","href":"https:\/\/api.w.org\/{rel}","templated":true}]}}