{"id":232304,"date":"2011-05-27T12:32:15","date_gmt":"2011-05-27T12:32:15","guid":{"rendered":"https:\/\/archivio.cercoiltuovolto.it\/?p=232304"},"modified":"2011-05-27T12:32:15","modified_gmt":"2011-05-27T12:32:15","slug":"film-presentato-a-cannes-corpo-celeste","status":"publish","type":"post","link":"https:\/\/archivio.cercoiltuovolto.it\/?p=232304","title":{"rendered":"Film presentato a Cannes &#8211; Corpo Celeste"},"content":{"rendered":"<p><strong>Sinossi <\/strong>&#8211; Marta ha tredici anni e, dopo dieci anni passati con la famiglia in Svizzera, \u00e8 tornata a vivere nel profondo sud italiano, a Reggio Calabria, la citt\u00e0 dov\u2019\u00e8 nata.<br \/>\nMarta \u00e8 esile, attenta, con un&#8217;andatura un po&#8217; sbilenca e un&#8217;inquietudine che la fa assomigliare ad una creatura selvatica.<br \/>\nMa ha una grazia speciale, e mentre passa tra gli altri come una piccola fata guarda e sente tutto: non ricorda molto della sua infanzia a Reggio, la citt\u00e0 \u00e8 cresciuta senza nessun ordine, \u00e8 per lei rumore, resti antichi accanto a palazzi ancora in costruzione e vento, un mare che si intravede vicino e sembra impossibile da raggiungere.<br \/>\nMarta inizia subito a frequentare il corso di preparazione alla Cresima, l&#8217;et\u00e0 \u00e8 giusta, ed \u00e8 anche, le ripetono tutti, un bel modo per farsi nuovi amici. Senza la Cresima non ti puoi neanche sposare!<br \/>\nIncontra cos\u00ec don Mario, prete indaffarato e distante che amministra la chiesa come una piccola azienda, e la catechista Santa, una signora un po\u2019 buffa che guider\u00e0 i ragazzi verso la confermazione. In parrocchia si sta preparando una festa per l&#8217;arrivo di un nuovo Crocifisso Figurativo che dovr\u00e0 sostituire quello stilizzato e fluorescente che poco piace ai parrocchiani. Nell\u2019attesa della grande festa della parrocchia, Marta partecipa alle attivit\u00e0 del catechismo, impara a memoria le formule del libro, canta \u201cmi sintonizzo con dio\u201d.<br \/>\nMa capir\u00e0 presto che altrove deve trovare la sua strada, non la via al di l\u00e0 del mondo, ma la via attraverso il mondo.<\/p>\n<p class=\"link\"><a href=\"https:\/\/www.corpoceleste.it\/\">Sito Web ufficiale<\/a><\/p>\n","protected":false},"excerpt":{"rendered":"<p>Sinossi &#8211; Marta ha tredici anni e, dopo dieci anni passati con la famiglia in Svizzera, \u00e8 tornata a vivere nel profondo sud italiano, a Reggio Calabria, la citt\u00e0 dov\u2019\u00e8 nata. Marta \u00e8 esile, attenta, con un&#8217;andatura un po&#8217; sbilenca e un&#8217;inquietudine che la fa assomigliare ad una creatura selvatica. Ma ha una grazia speciale,&#8230;<\/p>\n","protected":false},"author":3,"featured_media":0,"comment_status":"closed","ping_status":"closed","sticky":false,"template":"","format":"standard","meta":{"_kad_post_transparent":"","_kad_post_title":"","_kad_post_layout":"","_kad_post_sidebar_id":"","_kad_post_content_style":"","_kad_post_vertical_padding":"","_kad_post_feature":"","_kad_post_feature_position":"","_kad_post_header":false,"_kad_post_footer":false,"_kad_post_classname":"","footnotes":""},"categories":[101,514],"tags":[437,35,380],"class_list":["post-232304","post","type-post","status-publish","format-standard","hentry","category-101","category-catechismo","tag-cresima","tag-film","tag-in-evidenza"],"_links":{"self":[{"href":"https:\/\/archivio.cercoiltuovolto.it\/index.php?rest_route=\/wp\/v2\/posts\/232304","targetHints":{"allow":["GET"]}}],"collection":[{"href":"https:\/\/archivio.cercoiltuovolto.it\/index.php?rest_route=\/wp\/v2\/posts"}],"about":[{"href":"https:\/\/archivio.cercoiltuovolto.it\/index.php?rest_route=\/wp\/v2\/types\/post"}],"author":[{"embeddable":true,"href":"https:\/\/archivio.cercoiltuovolto.it\/index.php?rest_route=\/wp\/v2\/users\/3"}],"replies":[{"embeddable":true,"href":"https:\/\/archivio.cercoiltuovolto.it\/index.php?rest_route=%2Fwp%2Fv2%2Fcomments&post=232304"}],"version-history":[{"count":0,"href":"https:\/\/archivio.cercoiltuovolto.it\/index.php?rest_route=\/wp\/v2\/posts\/232304\/revisions"}],"wp:attachment":[{"href":"https:\/\/archivio.cercoiltuovolto.it\/index.php?rest_route=%2Fwp%2Fv2%2Fmedia&parent=232304"}],"wp:term":[{"taxonomy":"category","embeddable":true,"href":"https:\/\/archivio.cercoiltuovolto.it\/index.php?rest_route=%2Fwp%2Fv2%2Fcategories&post=232304"},{"taxonomy":"post_tag","embeddable":true,"href":"https:\/\/archivio.cercoiltuovolto.it\/index.php?rest_route=%2Fwp%2Fv2%2Ftags&post=232304"}],"curies":[{"name":"wp","href":"https:\/\/api.w.org\/{rel}","templated":true}]}}