{"id":232298,"date":"2011-05-26T09:19:19","date_gmt":"2011-05-26T09:19:19","guid":{"rendered":"https:\/\/archivio.cercoiltuovolto.it\/?p=232298"},"modified":"2011-05-26T09:19:19","modified_gmt":"2011-05-26T09:19:19","slug":"commento-al-vangelo-del-29-maggio-2011-don-mauro-pozzi","status":"publish","type":"post","link":"https:\/\/archivio.cercoiltuovolto.it\/?p=232298","title":{"rendered":"Commento al Vangelo del 29 maggio 2011 &#8211; don Mauro Pozzi"},"content":{"rendered":"<p style=\"text-align: justify;\">Il commento al Vangelo della domenica a cura di don Mauro Pozzi parroco della Parrocchia S. Giovanni Battista, Novara.<\/p>\n<blockquote>\n<p><em>Il mondo non vede e non conosce lo Spirito perch\u00e9 non vuole vederlo n\u00e9 conoscerlo. Il discepolo invece \u00e8 accogliente, non chiude la porta al Signore che bussa, ma gli permette di entrare e di dimorare nel suo cuore. Nella vita noi conosciamo il dolore, la fatica, la morte, ma non siamo soli ad affrontare tutto questo, non siamo orfani, abbiamo un Consolatore, che ci parla di qualcosa che va oltre il mondo, oltre la superficie. \u00c8 lo Spirito che Ges\u00f9 ci lascia come un dono, come una traccia della sua presenza. Lo Spirito che anima tutte le cose e che ci parla di Dio, che mette nel cuore la nostalgia di Lui.<\/em><\/p>\n<p><strong>IL CONSOLATORE<\/strong><\/p>\n<p>Guardando l\u2019universo che ci circonda, il credente vede l\u2019impronta di un  Creatore che ha fatto e ordinato tutte le cose, il  non-credente vede solo il  dispiegarsi delle leggi della natura che plasmano la materia. Hanno ragione  entrambi perch\u00e9 la realt\u00e0 \u00e8 sempre complessa, non \u00e8 fatta di un solo livello,  ma pi\u00f9 piani si intersecano e si sovrappongono per generarla. Anche dal punto  di vista prettamente scientifico, ogni oggetto si pu\u00f2 studiare da pi\u00f9 prospettive,  fisicamente, chimicamente, matematicamente e cos\u00ec via. L\u2019uomo stesso non \u00e8  solo un corpo, ma ha anche una psiche e uno spirito. Il livello immediato \u00e8  quello che si presenta ai sensi, ma se si vuole andare pi\u00f9 a fondo occorre  un\u2019indagine pi\u00f9 accurata fatta di studio e applicazione. La realt\u00e0 spirituale \u00e8  quella pi\u00f9 sottile e un atteggiamento superficiale  impedisce certamente di  coglierla. Questo intende il Maestro quando dice che il mondo non pu\u00f2 ricevere  lo Spirito di verit\u00e0. Il mondo  crede solo in se stesso, non vuole vedere aldil\u00e0, si  accontenta del presente, fa finta di essere immortale. Il mondo non vede e non  conosce lo Spirito perch\u00e9 non vuole vederlo n\u00e9 conoscerlo. Il discepolo invece \u00e8  accogliente, non chiude la porta al Signore che bussa, ma gli permette di  entrare e di dimorare nel suo cuore. Nella vita noi conosciamo il dolore, la  fatica, la morte, ma non siamo soli ad affrontare tutto questo, non siamo  orfani, abbiamo un Consolatore, che ci parla di qualcosa che va oltre il mondo,  oltre la superficie. \u00c8 lo Spirito che Ges\u00f9 ci lascia come un dono, come una  traccia della sua presenza. Lo Spirito che anima tutte le cose e che ci parla di  Dio, che mette nel cuore la nostalgia di Lui. Accoglierlo significa amare Ges\u00f9  nel rispettare i suoi comandamenti. San Giovanni nella sua prima lettere dice:  chi non ama il proprio fratello che vede, non pu\u00f2 amare Dio che non vede. L\u2019amore per il prossimo \u00e8 la prova del nostro amore per Dio, ed \u00e8 la porta che  fa entrare il Consolatore nel nostro cuore. La presenza dello Spirito trasforma  la vita. I discepoli dopo la Pentecoste sono cambiati, hanno capito fino in fondo  le parole di Ges\u00f9 e sono diventati coraggiosi. Noi  abbiamo ricevuto il dono  dello Spirito nel battesimo e nella cresima e questo dono va coltivato, va  accresciuto con la preghiera, coi sacramenti. \u00c8 questa l\u2019adorazione di cui parla  Pietro nella seconda lettura e che costituisce il fondamento della nostra  speranza. Noi non ci fermiamo al mondo, ma aspiriamo a vivere con il Signore  per sempre<\/p>\n<\/blockquote>\n<p><a href=\"http:\/\/www.youtube.com\/watch?v=5puxqzCTMyA\"> Link al video<\/a><\/p>\n","protected":false},"excerpt":{"rendered":"<p>Il commento al Vangelo della domenica a cura di don Mauro Pozzi parroco della Parrocchia S. Giovanni Battista, Novara. Il mondo non vede e non conosce lo Spirito perch\u00e9 non vuole vederlo n\u00e9 conoscerlo. Il discepolo invece \u00e8 accogliente, non chiude la porta al Signore che bussa, ma gli permette di entrare e di dimorare&#8230;<\/p>\n","protected":false},"author":3,"featured_media":0,"comment_status":"closed","ping_status":"closed","sticky":false,"template":"","format":"standard","meta":{"_kad_post_transparent":"","_kad_post_title":"","_kad_post_layout":"","_kad_post_sidebar_id":"","_kad_post_content_style":"","_kad_post_vertical_padding":"","_kad_post_feature":"","_kad_post_feature_position":"","_kad_post_header":false,"_kad_post_footer":false,"_kad_post_classname":"","footnotes":""},"categories":[101,147],"tags":[388,172,83],"class_list":["post-232298","post","type-post","status-publish","format-standard","hentry","category-101","category-commento-al-vangelo","tag-don-mauro-pozzi","tag-vangelo-della-domenica","tag-youtube"],"_links":{"self":[{"href":"https:\/\/archivio.cercoiltuovolto.it\/index.php?rest_route=\/wp\/v2\/posts\/232298","targetHints":{"allow":["GET"]}}],"collection":[{"href":"https:\/\/archivio.cercoiltuovolto.it\/index.php?rest_route=\/wp\/v2\/posts"}],"about":[{"href":"https:\/\/archivio.cercoiltuovolto.it\/index.php?rest_route=\/wp\/v2\/types\/post"}],"author":[{"embeddable":true,"href":"https:\/\/archivio.cercoiltuovolto.it\/index.php?rest_route=\/wp\/v2\/users\/3"}],"replies":[{"embeddable":true,"href":"https:\/\/archivio.cercoiltuovolto.it\/index.php?rest_route=%2Fwp%2Fv2%2Fcomments&post=232298"}],"version-history":[{"count":0,"href":"https:\/\/archivio.cercoiltuovolto.it\/index.php?rest_route=\/wp\/v2\/posts\/232298\/revisions"}],"wp:attachment":[{"href":"https:\/\/archivio.cercoiltuovolto.it\/index.php?rest_route=%2Fwp%2Fv2%2Fmedia&parent=232298"}],"wp:term":[{"taxonomy":"category","embeddable":true,"href":"https:\/\/archivio.cercoiltuovolto.it\/index.php?rest_route=%2Fwp%2Fv2%2Fcategories&post=232298"},{"taxonomy":"post_tag","embeddable":true,"href":"https:\/\/archivio.cercoiltuovolto.it\/index.php?rest_route=%2Fwp%2Fv2%2Ftags&post=232298"}],"curies":[{"name":"wp","href":"https:\/\/api.w.org\/{rel}","templated":true}]}}