{"id":232295,"date":"2011-05-25T21:41:16","date_gmt":"2011-05-25T21:41:16","guid":{"rendered":"https:\/\/archivio.cercoiltuovolto.it\/?p=232295"},"modified":"2011-05-25T21:41:16","modified_gmt":"2011-05-25T21:41:16","slug":"riflessione-sul-vangelo-vi-domenica-del-tempo-di-pasqua-anno-a-29-maggio-2011","status":"publish","type":"post","link":"https:\/\/archivio.cercoiltuovolto.it\/?p=232295","title":{"rendered":"Riflessione sul Vangelo: VI Domenica del Tempo di Pasqua (anno A) &#8211; 29 maggio 2011 &#8211; don Mauro Manzoni"},"content":{"rendered":"<p style=\"text-align: center;\">\n<p style=\"text-align: justify;\">&#8220;<em>La Parola di Dio<\/em>&#8220;, canale YouTube del prolifico Don Mauro di <a href=\"http:\/\/www.graficapastorale.it\"><strong>graficapastorale.it<\/strong><\/a>, propone una riflessione sul brano del Vangelo di domenica prossima<strong>, <em>Gv 14, 15-21<\/em><\/strong><strong>.<\/strong><\/p>\n<blockquote>\n<h4>Chi desidera automaticamente avere il testo delle riflessioni, mandi il proprio indirizzo email a riflessionevangelo@graficapastorale.com che lo spedir\u00e0 ogni settimana.<\/h4>\n<\/blockquote>\n<blockquote style=\"text-align: justify;\">\n<p><em><em>Dal Vangelo secondo\u00a0Giovanni<\/em><\/em><\/p>\n<p><em><\/p>\n<p>In quel tempo, Ges\u00f9 disse ai suoi discepoli: \u00abSe mi amate, osserverete i miei comandamenti; e io pregher\u00f2 il Padre ed egli vi dar\u00e0 un altro Par\u00e0clito perch\u00e9 rimanga con voi per sempre, lo Spirito della verit\u00e0, che il mondo non pu\u00f2 ricevere perch\u00e9 non lo vede e non lo conosce. Voi lo conoscete perch\u00e9 egli rimane presso di voi e sar\u00e0 in voi.<br \/>Non vi lascer\u00f2 orfani: verr\u00f2 da voi. Ancora un poco e il mondo non mi vedr\u00e0 pi\u00f9; voi invece mi vedrete, perch\u00e9 io vivo e voi vivrete. In quel giorno voi saprete che io sono nel Padre mio e voi in me e io in voi.<br \/>Chi accoglie i miei comandamenti e li osserva, questi \u00e8 colui che mi ama. Chi ama me sar\u00e0 amato dal Padre mio e anch\u2019io lo amer\u00f2 e mi manifester\u00f2 a lui\u00bb.<\/p>\n<p><\/em><\/p>\n<p><em>C: Parola del Signore.<br \/>A: Lode a Te o Cristo.<br \/><\/em><\/p>\n<\/blockquote>\n<p class=\"link\"><a href=\"http:\/\/www.youtube.com\/watch?v=bPfSkidkS88\">Link al Video<\/a><\/p>\n<p style=\"text-align: center;\">http:\/\/www.youtube.com\/watch?v=SyOfCOzheaE<\/p>\n","protected":false},"excerpt":{"rendered":"<p>&#8220;La Parola di Dio&#8220;, canale YouTube del prolifico Don Mauro di graficapastorale.it, propone una riflessione sul brano del Vangelo di domenica prossima, Gv 14, 15-21. Chi desidera automaticamente avere il testo delle riflessioni, mandi il proprio indirizzo email a riflessionevangelo@graficapastorale.com che lo spedir\u00e0 ogni settimana. Dal Vangelo secondo\u00a0Giovanni In quel tempo, Ges\u00f9 disse ai suoi&#8230;<\/p>\n","protected":false},"author":3,"featured_media":0,"comment_status":"closed","ping_status":"closed","sticky":false,"template":"","format":"standard","meta":{"_kad_post_transparent":"","_kad_post_title":"","_kad_post_layout":"","_kad_post_sidebar_id":"","_kad_post_content_style":"","_kad_post_vertical_padding":"","_kad_post_feature":"","_kad_post_feature_position":"","_kad_post_header":false,"_kad_post_footer":false,"_kad_post_classname":"","footnotes":""},"categories":[101,147],"tags":[404,172,83],"class_list":["post-232295","post","type-post","status-publish","format-standard","hentry","category-101","category-commento-al-vangelo","tag-don-mauro-manzoni","tag-vangelo-della-domenica","tag-youtube"],"_links":{"self":[{"href":"https:\/\/archivio.cercoiltuovolto.it\/index.php?rest_route=\/wp\/v2\/posts\/232295","targetHints":{"allow":["GET"]}}],"collection":[{"href":"https:\/\/archivio.cercoiltuovolto.it\/index.php?rest_route=\/wp\/v2\/posts"}],"about":[{"href":"https:\/\/archivio.cercoiltuovolto.it\/index.php?rest_route=\/wp\/v2\/types\/post"}],"author":[{"embeddable":true,"href":"https:\/\/archivio.cercoiltuovolto.it\/index.php?rest_route=\/wp\/v2\/users\/3"}],"replies":[{"embeddable":true,"href":"https:\/\/archivio.cercoiltuovolto.it\/index.php?rest_route=%2Fwp%2Fv2%2Fcomments&post=232295"}],"version-history":[{"count":0,"href":"https:\/\/archivio.cercoiltuovolto.it\/index.php?rest_route=\/wp\/v2\/posts\/232295\/revisions"}],"wp:attachment":[{"href":"https:\/\/archivio.cercoiltuovolto.it\/index.php?rest_route=%2Fwp%2Fv2%2Fmedia&parent=232295"}],"wp:term":[{"taxonomy":"category","embeddable":true,"href":"https:\/\/archivio.cercoiltuovolto.it\/index.php?rest_route=%2Fwp%2Fv2%2Fcategories&post=232295"},{"taxonomy":"post_tag","embeddable":true,"href":"https:\/\/archivio.cercoiltuovolto.it\/index.php?rest_route=%2Fwp%2Fv2%2Ftags&post=232295"}],"curies":[{"name":"wp","href":"https:\/\/api.w.org\/{rel}","templated":true}]}}