{"id":232286,"date":"2011-05-23T11:24:24","date_gmt":"2011-05-23T11:24:24","guid":{"rendered":"https:\/\/archivio.cercoiltuovolto.it\/?p=232286"},"modified":"2011-05-23T11:24:24","modified_gmt":"2011-05-23T11:24:24","slug":"commento-al-vangelo-del-29-maggio-2011-paolo-curtaz","status":"publish","type":"post","link":"https:\/\/archivio.cercoiltuovolto.it\/?p=232286","title":{"rendered":"Commento al Vangelo del 29 maggio 2011 \u2013 Paolo Curtaz"},"content":{"rendered":"<h1 style=\"text-align: center;\"><\/h1>\n<h2>Sesta domenica durante l&#8217;anno<\/h2>\n<p>At 8, 5-8.14-17\/1Pt 3,15-18 \/ Gv 14,15-21<\/p>\n<h3>Cristiani credibili<\/h3>\n<p>&nbsp;<\/p>\n<p>Viviamo tempi difficili, inutile negarlo.<\/p>\n<p>Difficili umanamente, difficili cristianamente.<\/p>\n<p>Il futuro \u00e8 denso di nubi scure e il rischio di vedere sempre e solo il negativo rischia di contagiare anche i cristiani pi\u00f9 virtuosi.<\/p>\n<p>Non so a voi, ma a me il clima di contrapposizione feroce delle idee e delle posizioni mette profondamente a disagio. Si \u00e8 di qua o di l\u00e0, di destra o di sinistra, credenti o atei, di una squadra o dell\u2019altra. E se uno non si ritrovasse?<\/p>\n<p>La cronaca aumenta il disagio, per noi cattolici, quando leggiamo di comportamenti incomprensibili da parte di coloro che dovrebbe condurre il gregge e che, invece, lo opprimono con la violenza.<\/p>\n<p>Eppure siamo ancora qui a meditare un vangelo pasquale, di resurrezione, di fiducia, di gioia e conversione.<\/p>\n<p>Un vangelo che ci indica una strada, difficile, ma possibile, per custodire la speranza, per dare ascolto alla foresta che cresce e non lasciarci intimorire dal frastuono dell\u2019albero che cade.<\/p>\n<p class=\"link\" style=\"text-align: left;\"><a href=\"http:\/\/www.youtube.com\/watch?v=hyLMQOTgvik\">Link al video<\/a><\/p>\n<p><strong>Soccorso<\/strong><\/p>\n<p>Ges\u00f9 \u00e8 chiaro: il mondo non lo vede presente, parla di lui come di un grande personaggio del passato,  come di un simpatico profeta finito male, come accade a molti profeti; ma i discepoli, afferma il Maestro, continuano a vederlo, lo riconoscono, lo annunciano, lo ascoltano, lo pregano.<\/p>\n<p>Il primo dono che Ges\u00f9 promette ai discepoli intimoriti \u00e8 il <em>Paracleto<\/em>, cio\u00e8 il soccorritore, l\u2019aiutante, l\u2019intercessore, che ci aiuta a ricordare le parole del Maestro, che ci aiuta a vedere le cose in maniera completa.<\/p>\n<p>Di questo abbiamo bisogno, urgente: di un aiuto che ci aiuti a leggere la grande storia e la nostra storia personale alla luce della fede. Le cose che accadono, allora, acquistano una luce diversa, con un orizzonte di riferimento pi\u00f9 ampio, una prospettiva di salvezza, di redenzione che Dio realizza in mezzo all\u2019umanit\u00e0 inquieta.<\/p>\n<p>Il soccorso che Dio ci manda \u00e8 funzionale alla nostra missione: i discepoli che \u201cvedono\u201d Ges\u00f9, che si accorgono della sua presenza, sono invitati ad annunciare il nuovo modo di vivere che Dio realizza attraverso la comunit\u00e0 dei salvati, la Chiesa, appunto.<\/p>\n<p><strong>Filippo<\/strong><\/p>\n<p>Se \u00e8 davvero cos\u00ec, allora, la difficolt\u00e0 diventa straordinaria opportunit\u00e0, occasione di annuncio, ragione di conversione.<\/p>\n<p>Ne sa qualcosa Filippo che, a causa della persecuzione che si \u00e8 scatenata contro la primitiva comunit\u00e0, \u00e8 fuggito e si ritrova in Samaria, la terra abbandonata, la terra eretica, la sposa infedele che Ges\u00f9 stesso ha cercato di sedurre e di riconquistare.<\/p>\n<p>La fuga diventa luogo per l\u2019annuncio e conversione di nuovi discepoli.<\/p>\n<p>Se la Chiesa in occidente, nell\u2019attuale complessa situazione storica, la smettesse di lamentarsi, e ricominciasse semplicemente a fare la Chiesa, cio\u00e8 ad annunciare nella gioia Ges\u00f9 Cristo, semplificando il proprio linguaggio, limando le proprie incoerenze, alleggerendo le proprie elefantiache strutture, forse potrebbe fare la stessa esperienza che ha fatto Filippo.<\/p>\n<p>Ad una condizione, come ammonisce Ges\u00f9: restare fedeli al comandamento dell\u2019amore, ad ogni costo.<\/p>\n<p>Solo il comandamento dell\u2019amore, in questi tempi, \u00e8 in grado di perforare la spessa corazza anticristiana e neoclericale che abita la nostra societ\u00e0 fintamente cristiana.<\/p>\n<p><strong>Rendere ragione<\/strong><\/p>\n<p>Dimorare nell\u2019amore, non scoraggiarsi e approfondire la fede, come suggerisce Pietro.<\/p>\n<p>Il nostro cristianesimo occidentale oscilla fra due eccessi ugualmente pericolosi: il ritorno ad un clima di chiusura e di contrapposizione col mondo innalzando inutili barriere nei confronti degli altri ed il rischio di cedere ad un cristianesimo emotivo e popolare, che segue le apparizioni e dimentica il deposito della fede. Davanti alla chiusura e al misticismo semplificato e superstizioso Papa Benedetto propone, come da sempre la Chiesa propone, un\u2019alleanza fra intelligenza e fede, fra conoscenza e spiritualit\u00e0.<\/p>\n<p>Solo con la fatica dello studio, della comprensione dei testi, della preghiera feconda e motivata, della ricerca umile della verit\u00e0 possiamo incrociare le attese dell\u2019uomo contemporaneo alla ricerca di senso.<\/p>\n<p>Cos\u00ec, diverremo capaci di rendere ragione della speranza che \u00e8 in noi.<\/p>\n<p class=\"link\" style=\"text-align: justify;\"><a href=\"http:\/\/www.paolocurtaz.it\">www.paolocurtaz.it<\/a><\/p>\n<ul>\n<li>\n<p><em>Ultime conferenze prima \tdell\u2019estate: <br \/><\/em><em><strong>Milano<\/strong><\/em><em> lun 6\/6 ore 21: <\/em>La \tPentecoste, diversit\u00e0 feconda\u00a0<em>Parrocchia Pentecoste via Graf 29, Quarto Oggiaro; <br \/><\/em><em><strong>Cuneo<\/strong><\/em><em> ven 10\/6 ore 18: <\/em>Perch\u00e9 restare cristiani<em>, Presentazione del nuovo libro di Paolo Curtaz, Libreria Stella Maris, via Statuto; <br \/><\/em><em><strong>Genova<\/strong><\/em><em> ven 17\/6 \u00a0ore 21: <\/em>Tiberiade (Gv 21); <em>Il Tempietto, Via Carlo Rolando 15, Sanpierdarena.<\/em><\/p>\n<\/li>\n<\/ul>\n<ul>\n<li>\n<p><em>In questo tempo di \tdichiarazione dei redditi potete sostenere l\u2019associazione Zaccheo \tdestinando gratuitamente il 5&#215;1000 e scrivendo il CF 97715480014.<\/em><\/p>\n<\/li>\n<li>\n<p><em>Commento video al vangelo<\/em>: \t<span style=\"color: #0000ff;\"><span style=\"text-decoration: underline;\"><a href=\"http:\/\/www.youtube.com\/user\/paolocurtaz\">www.youtube.com\/user\/paolocurtaz<\/a><\/span><\/span><\/p>\n<\/li>\n<\/ul>\n","protected":false},"excerpt":{"rendered":"<p>Sesta domenica durante l&#8217;anno At 8, 5-8.14-17\/1Pt 3,15-18 \/ Gv 14,15-21 Cristiani credibili &nbsp; Viviamo tempi difficili, inutile negarlo. Difficili umanamente, difficili cristianamente. Il futuro \u00e8 denso di nubi scure e il rischio di vedere sempre e solo il negativo rischia di contagiare anche i cristiani pi\u00f9 virtuosi. Non so a voi, ma a me&#8230;<\/p>\n","protected":false},"author":3,"featured_media":0,"comment_status":"closed","ping_status":"closed","sticky":false,"template":"","format":"standard","meta":{"_kad_post_transparent":"","_kad_post_title":"","_kad_post_layout":"","_kad_post_sidebar_id":"","_kad_post_content_style":"","_kad_post_vertical_padding":"","_kad_post_feature":"","_kad_post_feature_position":"","_kad_post_header":false,"_kad_post_footer":false,"_kad_post_classname":"","footnotes":""},"categories":[101,147],"tags":[223,172,83],"class_list":["post-232286","post","type-post","status-publish","format-standard","hentry","category-101","category-commento-al-vangelo","tag-paolo-curtaz","tag-vangelo-della-domenica","tag-youtube"],"_links":{"self":[{"href":"https:\/\/archivio.cercoiltuovolto.it\/index.php?rest_route=\/wp\/v2\/posts\/232286","targetHints":{"allow":["GET"]}}],"collection":[{"href":"https:\/\/archivio.cercoiltuovolto.it\/index.php?rest_route=\/wp\/v2\/posts"}],"about":[{"href":"https:\/\/archivio.cercoiltuovolto.it\/index.php?rest_route=\/wp\/v2\/types\/post"}],"author":[{"embeddable":true,"href":"https:\/\/archivio.cercoiltuovolto.it\/index.php?rest_route=\/wp\/v2\/users\/3"}],"replies":[{"embeddable":true,"href":"https:\/\/archivio.cercoiltuovolto.it\/index.php?rest_route=%2Fwp%2Fv2%2Fcomments&post=232286"}],"version-history":[{"count":0,"href":"https:\/\/archivio.cercoiltuovolto.it\/index.php?rest_route=\/wp\/v2\/posts\/232286\/revisions"}],"wp:attachment":[{"href":"https:\/\/archivio.cercoiltuovolto.it\/index.php?rest_route=%2Fwp%2Fv2%2Fmedia&parent=232286"}],"wp:term":[{"taxonomy":"category","embeddable":true,"href":"https:\/\/archivio.cercoiltuovolto.it\/index.php?rest_route=%2Fwp%2Fv2%2Fcategories&post=232286"},{"taxonomy":"post_tag","embeddable":true,"href":"https:\/\/archivio.cercoiltuovolto.it\/index.php?rest_route=%2Fwp%2Fv2%2Ftags&post=232286"}],"curies":[{"name":"wp","href":"https:\/\/api.w.org\/{rel}","templated":true}]}}