{"id":232285,"date":"2011-05-26T06:09:00","date_gmt":"2011-05-26T06:09:00","guid":{"rendered":"https:\/\/archivio.cercoiltuovolto.it\/?p=232285"},"modified":"2011-05-26T06:09:00","modified_gmt":"2011-05-26T06:09:00","slug":"sinfonia-della-parola-commento-teologico-allesortazione-apostolica-verbum-domini","status":"publish","type":"post","link":"https:\/\/archivio.cercoiltuovolto.it\/?p=232285","title":{"rendered":"Sinfonia della Parola, commento teologico all\u2019esortazione apostolica Verbum Domini"},"content":{"rendered":"<p style=\"text-align: justify;\"><a href=\"http:\/\/www.cercoiltuovolto.it\/wp-content\/uploads\/2011\/05\/Sinfonia-della-Parola-commento-teologico-all\u2019esortazione-apostolica-Verbum-Domini.jpg\"><img loading=\"lazy\" decoding=\"async\" class=\"alignleft size-medium wp-image-18849\" title=\"Sinfonia della Parola, commento teologico all\u2019esortazione apostolica Verbum Domini\" src=\"http:\/\/www.cercoiltuovolto.it\/wp-content\/uploads\/2011\/05\/Sinfonia-della-Parola-commento-teologico-all\u2019esortazione-apostolica-Verbum-Domini-196x300.jpg\" alt=\"\" width=\"196\" height=\"300\" \/><\/a>Il cammino di maturazione del dono della Parola di Dio alla Chiesa ha fatto registrare un notevole progresso negli anni postconciliari. A questo tema \u00e8 stato consacrato il XII Sinodo dei Vescovi sul tema \u00abLa parola di Dio nella vita della Chiesa\u00bb (Roma, 5-26 ottobre 2008) e la conseguente pubblicazione dell\u2019Esortazione Apostolica post-sinodale di Benedetto XVI,\u00a0<em>Verbum Domini<\/em>.\u00a0<em>La Parola di Dio nella vita e nella missione della Chiesa<\/em> (2010). Il testo dell\u2019Esortazione viene commentato con un linguaggio semplice e diretto, per consentire una mediazione fruibile a quanti intendono approfondire la ricchezza dei messaggi in essa contenuti.<\/p>\n<p style=\"text-align: justify;\">Il volume, preparato da alcuni docenti della Pontificia Universit\u00e0 della Santa Croce (Carlos J\u00f3dar, Carla Rossi Espagnet, Michelangelo T\u00e1bet, Juan Jos\u00e8 Silvestre, Giuseppe De Virgilio, Bernardo Estrada, Enrique Colom, Juan Jos\u00e9 Garc\u00eda Noblejas, Giulio Maspero) \u00e8 frutto di un comune lavoro di riflessione svolto con competenza e passione.<\/p>\n<div class=\"powerpressbox\">\n<h3>Ascolta l&#8217;intervista all&#8217;autore &#8211; <a title=\"Nel programma odierno don Giuseppe De Virgilio parla al microfono di padre Vito Magno del volume \u201cSinfonia della Parola, commento teologico all\u2019esortazione apostolica Verbum Domini\u201d, di cui \u00e8 curatore insieme a Michelangelo Tabet (ed. Rogate)\" href=\"http:\/\/www.radiovaticana.org\/orc\/articolo.asp?c=480086\">Radio Vaticana<\/a><\/h3>\n<p>[powerpress]<\/p>\n<\/div>\n<p class=\"sito-web\"><a href=\"http:\/\/www.editricerogate.it\/index.php?option=com_virtuemart&amp;page=shop.product_details&amp;flypage=flypage_books.tpl&amp;category_id=7&amp;product_id=541&amp;Itemid=8&amp;vmcchk=1&amp;Itemid=8\">Acquista il libro<\/a> su Editrice Rogate<\/p>\n","protected":false},"excerpt":{"rendered":"<p>Il cammino di maturazione del dono della Parola di Dio alla Chiesa ha fatto registrare un notevole progresso negli anni postconciliari. A questo tema \u00e8 stato consacrato il XII Sinodo dei Vescovi sul tema \u00abLa parola di Dio nella vita della Chiesa\u00bb (Roma, 5-26 ottobre 2008) e la conseguente pubblicazione dell\u2019Esortazione Apostolica post-sinodale di Benedetto&#8230;<\/p>\n","protected":false},"author":3,"featured_media":0,"comment_status":"closed","ping_status":"closed","sticky":false,"template":"","format":"standard","meta":{"_kad_post_transparent":"","_kad_post_title":"","_kad_post_layout":"","_kad_post_sidebar_id":"","_kad_post_content_style":"","_kad_post_vertical_padding":"","_kad_post_feature":"","_kad_post_feature_position":"","_kad_post_header":false,"_kad_post_footer":false,"_kad_post_classname":"","footnotes":""},"categories":[101,149],"tags":[17,27],"class_list":["post-232285","post","type-post","status-publish","format-standard","hentry","category-101","category-interviste","tag-libri","tag-radio-vaticana"],"_links":{"self":[{"href":"https:\/\/archivio.cercoiltuovolto.it\/index.php?rest_route=\/wp\/v2\/posts\/232285","targetHints":{"allow":["GET"]}}],"collection":[{"href":"https:\/\/archivio.cercoiltuovolto.it\/index.php?rest_route=\/wp\/v2\/posts"}],"about":[{"href":"https:\/\/archivio.cercoiltuovolto.it\/index.php?rest_route=\/wp\/v2\/types\/post"}],"author":[{"embeddable":true,"href":"https:\/\/archivio.cercoiltuovolto.it\/index.php?rest_route=\/wp\/v2\/users\/3"}],"replies":[{"embeddable":true,"href":"https:\/\/archivio.cercoiltuovolto.it\/index.php?rest_route=%2Fwp%2Fv2%2Fcomments&post=232285"}],"version-history":[{"count":0,"href":"https:\/\/archivio.cercoiltuovolto.it\/index.php?rest_route=\/wp\/v2\/posts\/232285\/revisions"}],"wp:attachment":[{"href":"https:\/\/archivio.cercoiltuovolto.it\/index.php?rest_route=%2Fwp%2Fv2%2Fmedia&parent=232285"}],"wp:term":[{"taxonomy":"category","embeddable":true,"href":"https:\/\/archivio.cercoiltuovolto.it\/index.php?rest_route=%2Fwp%2Fv2%2Fcategories&post=232285"},{"taxonomy":"post_tag","embeddable":true,"href":"https:\/\/archivio.cercoiltuovolto.it\/index.php?rest_route=%2Fwp%2Fv2%2Ftags&post=232285"}],"curies":[{"name":"wp","href":"https:\/\/api.w.org\/{rel}","templated":true}]}}