{"id":232280,"date":"2011-05-22T20:31:50","date_gmt":"2011-05-22T20:31:50","guid":{"rendered":"https:\/\/archivio.cercoiltuovolto.it\/?p=232280"},"modified":"2011-05-22T20:31:50","modified_gmt":"2011-05-22T20:31:50","slug":"benedetto-xvi-regina-caeli-del-22-maggio-2011-in-mp3","status":"publish","type":"post","link":"https:\/\/archivio.cercoiltuovolto.it\/?p=232280","title":{"rendered":"Benedetto XVI &#8211; Regina Caeli del 22 maggio 2011 in mp3"},"content":{"rendered":"<blockquote>\n<p style=\"text-align: center;\">\n<p><em>Cari fratelli e sorelle!<\/em><\/p>\n<p>Il Vangelo dell\u2019odierna domenica, la Quinta di Pasqua, propone un duplice comandamento sulla fede: credere in Dio e credere in Ges\u00f9. Il Signore, infatti, dice ai suoi discepoli: \u00abAbbiate fede in Dio e abbiate fede anche in me\u00bb (<em>Gv<\/em> 14,1). Non sono due atti separati, ma un unico atto di fede, la piena adesione alla salvezza operata da Dio Padre mediante il suo Figlio Unigenito. Il Nuovo Testamento ha posto fine all\u2019invisibilit\u00e0 del Padre. Dio ha mostrato il suo volto, come conferma la risposta di Ges\u00f9 all\u2019apostolo Filippo: \u00abChi ha visto me, ha visto il Padre\u00bb (<em>Gv<\/em> 14,9). Il Figlio di Dio, con la sua incarnazione, morte e risurrezione, ci ha liberati dalla schiavit\u00f9 del peccato per donarci la libert\u00e0 dei figli di Dio e ci ha fatto conoscere il volto di Dio che \u00e8 amore: Dio si pu\u00f2 vedere, \u00e8 visibile in Cristo. Santa Teresa d\u2019Avila scrive che \u00abnon dobbiamo allontanarci da ci\u00f2 che costituisce tutto il nostro bene e il nostro rimedio, cio\u00e8 dalla santissima umanit\u00e0 di nostro Signore Ges\u00f9 Cristo\u00bb (<em>Castello interiore<\/em>, 7, 6:\u00a0<em>Opere Complete<\/em>, Milano 1998, 1001). Quindi solo credendo in Cristo, rimanendo uniti a Lui, i discepoli, tra i quali siamo anche noi, possono continuare la sua azione permanente nella storia: \u00abIn verit\u00e0, in verit\u00e0 io vi dico \u2013 dice il Signore \u2013: chi crede in me, anch\u2019egli compir\u00e0 le opere che io compio\u00bb (<em>Gv<\/em> 14,12).<\/p>\n<ul>\n<li><a href=\"http:\/\/www.vatican.va\/holy_father\/benedict_xvi\/angelus\/2011\/documents\/hf_ben-xvi_reg_20110522_it.html\">Leggi tutto il messaggio<\/a> <em>\u00a9 Copyright 2011 &#8211; Libreria  Editrice Vaticana<\/em><\/li>\n<\/ul>\n<\/blockquote>\n<div class=\"powerpressbox\">[powerpress]<\/div>\n<p style=\"text-align: justify;\"><strong>Fonte<\/strong>: Radio Vaticana via FeedRss<\/p>\n<blockquote>\n<p style=\"text-align: justify;\"><span style=\"font-size: xx-small;\"><em>(The content of this podcast is copyrighted by Vatican Radio which, according to  its statute, is entrusted to manage and protect the sound recordings of the  Roman Pontiff, ensuring that their pastoral character and intellectual  property&#8217;s rights are protected when used by third parties. The content of this  podcast is made available only for personal and private use and cannot be  exploited for commercial purposes, without prior written authorization by  Vatican Radio. For further information, please contact the International  Relation Office at relint@vatiradio.va)<\/em><\/span><\/p>\n<\/blockquote>\n","protected":false},"excerpt":{"rendered":"<p>Cari fratelli e sorelle! Il Vangelo dell\u2019odierna domenica, la Quinta di Pasqua, propone un duplice comandamento sulla fede: credere in Dio e credere in Ges\u00f9. Il Signore, infatti, dice ai suoi discepoli: \u00abAbbiate fede in Dio e abbiate fede anche in me\u00bb (Gv 14,1). Non sono due atti separati, ma un unico atto di fede,&#8230;<\/p>\n","protected":false},"author":3,"featured_media":0,"comment_status":"closed","ping_status":"closed","sticky":false,"template":"","format":"standard","meta":{"_kad_post_transparent":"","_kad_post_title":"","_kad_post_layout":"","_kad_post_sidebar_id":"","_kad_post_content_style":"","_kad_post_vertical_padding":"","_kad_post_feature":"","_kad_post_feature_position":"","_kad_post_header":false,"_kad_post_footer":false,"_kad_post_classname":"","footnotes":""},"categories":[101,127],"tags":[498,9],"class_list":["post-232280","post","type-post","status-publish","format-standard","hentry","category-101","category-benedetto-xvi","tag-regina-caeli","tag-vaticano"],"_links":{"self":[{"href":"https:\/\/archivio.cercoiltuovolto.it\/index.php?rest_route=\/wp\/v2\/posts\/232280","targetHints":{"allow":["GET"]}}],"collection":[{"href":"https:\/\/archivio.cercoiltuovolto.it\/index.php?rest_route=\/wp\/v2\/posts"}],"about":[{"href":"https:\/\/archivio.cercoiltuovolto.it\/index.php?rest_route=\/wp\/v2\/types\/post"}],"author":[{"embeddable":true,"href":"https:\/\/archivio.cercoiltuovolto.it\/index.php?rest_route=\/wp\/v2\/users\/3"}],"replies":[{"embeddable":true,"href":"https:\/\/archivio.cercoiltuovolto.it\/index.php?rest_route=%2Fwp%2Fv2%2Fcomments&post=232280"}],"version-history":[{"count":0,"href":"https:\/\/archivio.cercoiltuovolto.it\/index.php?rest_route=\/wp\/v2\/posts\/232280\/revisions"}],"wp:attachment":[{"href":"https:\/\/archivio.cercoiltuovolto.it\/index.php?rest_route=%2Fwp%2Fv2%2Fmedia&parent=232280"}],"wp:term":[{"taxonomy":"category","embeddable":true,"href":"https:\/\/archivio.cercoiltuovolto.it\/index.php?rest_route=%2Fwp%2Fv2%2Fcategories&post=232280"},{"taxonomy":"post_tag","embeddable":true,"href":"https:\/\/archivio.cercoiltuovolto.it\/index.php?rest_route=%2Fwp%2Fv2%2Ftags&post=232280"}],"curies":[{"name":"wp","href":"https:\/\/api.w.org\/{rel}","templated":true}]}}