{"id":232268,"date":"2011-05-19T11:40:26","date_gmt":"2011-05-19T11:40:26","guid":{"rendered":"https:\/\/archivio.cercoiltuovolto.it\/?p=232268"},"modified":"2011-05-19T11:40:26","modified_gmt":"2011-05-19T11:40:26","slug":"cafe-teologico-dio-no-grazie-siamo-scienziati","status":"publish","type":"post","link":"https:\/\/archivio.cercoiltuovolto.it\/?p=232268","title":{"rendered":"Caf\u00e9 Teologico: Dio? No grazie, siamo scienziati!"},"content":{"rendered":"<blockquote>\n<p>Chi comincia ad evangelizzare sente subito l&#8217;esigenza di formarsi sui temi scottanti: come rispondere a chi contesta la Chiesa o la fede dei credenti? Oggi l&#8217;apologetica \u00e8 quanto mai necessaria. Non per difendere ci\u00f2 che non deve essere difeso, ma per riconoscere la verit\u00e0 in mezzo a tante menzogne.<\/p>\n<p>Il Caf\u00e9 teologico risponde a queste esigenze. In un clima rilassante e &#8220;fashion&#8221; gli ospiti hanno la possibilit\u00e0 di sorseggiare un caff\u00e8 o una tisana e di discutere di temi di filosofia, morale, storia, bioetica, ec&#8230;<\/p>\n<\/blockquote>\n<p style=\"text-align: center;\"><iframe loading=\"lazy\" src=\"http:\/\/player.vimeo.com\/video\/23885035?title=0&amp;byline=0&amp;portrait=0\" width=\"400\" height=\"225\" frameborder=\"0\"><\/iframe><\/p>\n","protected":false},"excerpt":{"rendered":"<p>Chi comincia ad evangelizzare sente subito l&#8217;esigenza di formarsi sui temi scottanti: come rispondere a chi contesta la Chiesa o la fede dei credenti? Oggi l&#8217;apologetica \u00e8 quanto mai necessaria. Non per difendere ci\u00f2 che non deve essere difeso, ma per riconoscere la verit\u00e0 in mezzo a tante menzogne. Il Caf\u00e9 teologico risponde a queste&#8230;<\/p>\n","protected":false},"author":3,"featured_media":0,"comment_status":"closed","ping_status":"closed","sticky":false,"template":"","format":"standard","meta":{"_kad_post_transparent":"","_kad_post_title":"","_kad_post_layout":"","_kad_post_sidebar_id":"","_kad_post_content_style":"","_kad_post_vertical_padding":"","_kad_post_feature":"","_kad_post_feature_position":"","_kad_post_header":false,"_kad_post_footer":false,"_kad_post_classname":"","footnotes":""},"categories":[101,123],"tags":[14,62,380],"class_list":["post-232268","post","type-post","status-publish","format-standard","hentry","category-101","category-convegni","tag-dio","tag-diocesi","tag-in-evidenza"],"_links":{"self":[{"href":"https:\/\/archivio.cercoiltuovolto.it\/index.php?rest_route=\/wp\/v2\/posts\/232268","targetHints":{"allow":["GET"]}}],"collection":[{"href":"https:\/\/archivio.cercoiltuovolto.it\/index.php?rest_route=\/wp\/v2\/posts"}],"about":[{"href":"https:\/\/archivio.cercoiltuovolto.it\/index.php?rest_route=\/wp\/v2\/types\/post"}],"author":[{"embeddable":true,"href":"https:\/\/archivio.cercoiltuovolto.it\/index.php?rest_route=\/wp\/v2\/users\/3"}],"replies":[{"embeddable":true,"href":"https:\/\/archivio.cercoiltuovolto.it\/index.php?rest_route=%2Fwp%2Fv2%2Fcomments&post=232268"}],"version-history":[{"count":0,"href":"https:\/\/archivio.cercoiltuovolto.it\/index.php?rest_route=\/wp\/v2\/posts\/232268\/revisions"}],"wp:attachment":[{"href":"https:\/\/archivio.cercoiltuovolto.it\/index.php?rest_route=%2Fwp%2Fv2%2Fmedia&parent=232268"}],"wp:term":[{"taxonomy":"category","embeddable":true,"href":"https:\/\/archivio.cercoiltuovolto.it\/index.php?rest_route=%2Fwp%2Fv2%2Fcategories&post=232268"},{"taxonomy":"post_tag","embeddable":true,"href":"https:\/\/archivio.cercoiltuovolto.it\/index.php?rest_route=%2Fwp%2Fv2%2Ftags&post=232268"}],"curies":[{"name":"wp","href":"https:\/\/api.w.org\/{rel}","templated":true}]}}