{"id":232265,"date":"2011-05-22T12:27:43","date_gmt":"2011-05-22T12:27:43","guid":{"rendered":"https:\/\/archivio.cercoiltuovolto.it\/?p=232265"},"modified":"2011-05-22T12:27:43","modified_gmt":"2011-05-22T12:27:43","slug":"commento-al-vangelo-di-domenica-29-maggio-2011-alberto-maggi","status":"publish","type":"post","link":"https:\/\/archivio.cercoiltuovolto.it\/?p=232265","title":{"rendered":"Commento al Vangelo di domenica 29 maggio 2011 &#8211; Alberto Maggi"},"content":{"rendered":"<p style=\"text-align: center;\">\n<p>Padre Alberto Maggi commenta  il Vangelo di domenica prossima (www.studibiblici.it).<\/p>\n<blockquote style=\"text-align: justify;\">\n<p>Gv 14, 15-21<br \/>Dal Vangelo secondo\u00a0Giovanni<br \/>In quel tempo, Ges\u00f9 disse ai suoi discepoli: \u00abSe mi amate, osserverete i miei comandamenti; e io pregher\u00f2 il Padre ed egli vi dar\u00e0 un altro Par\u00e0clito perch\u00e9 rimanga con voi per sempre, lo Spirito della verit\u00e0, che il mondo non pu\u00f2 ricevere perch\u00e9 non lo vede e non lo conosce. Voi lo conoscete perch\u00e9 egli rimane presso di voi e sar\u00e0 in voi.<br \/>Non vi lascer\u00f2 orfani: verr\u00f2 da voi. Ancora un poco e il mondo non mi vedr\u00e0 pi\u00f9; voi invece mi vedrete, perch\u00e9 io vivo e voi vivrete. In quel giorno voi saprete che io sono nel Padre mio e voi in me e io in voi.<br \/>Chi accoglie i miei comandamenti e li osserva, questi \u00e8 colui che mi ama. Chi ama me sar\u00e0 amato dal Padre mio e anch\u2019io lo amer\u00f2 e mi manifester\u00f2 a lui\u00bb.<em><br \/>C: Parola del Signore.<br \/>A: Lode a Te o Cristo.<br \/><\/em><\/p>\n<\/blockquote>\n<p class=\"link\" style=\"text-align: left;\"><a href=\"http:\/\/www.youtube.com\/watch?v=4C_bnfBIzSI\">Link al Video<\/a><\/p>\n","protected":false},"excerpt":{"rendered":"<p>Padre Alberto Maggi commenta il Vangelo di domenica prossima (www.studibiblici.it). Gv 14, 15-21Dal Vangelo secondo\u00a0GiovanniIn quel tempo, Ges\u00f9 disse ai suoi discepoli: \u00abSe mi amate, osserverete i miei comandamenti; e io pregher\u00f2 il Padre ed egli vi dar\u00e0 un altro Par\u00e0clito perch\u00e9 rimanga con voi per sempre, lo Spirito della verit\u00e0, che il mondo non&#8230;<\/p>\n","protected":false},"author":3,"featured_media":0,"comment_status":"closed","ping_status":"closed","sticky":false,"template":"","format":"standard","meta":{"_kad_post_transparent":"","_kad_post_title":"","_kad_post_layout":"","_kad_post_sidebar_id":"","_kad_post_content_style":"","_kad_post_vertical_padding":"","_kad_post_feature":"","_kad_post_feature_position":"","_kad_post_header":false,"_kad_post_footer":false,"_kad_post_classname":"","footnotes":""},"categories":[101,217],"tags":[5,172,83],"class_list":["post-232265","post","type-post","status-publish","format-standard","hentry","category-101","category-alberto-maggi","tag-commento-al-vangelo","tag-vangelo-della-domenica","tag-youtube"],"_links":{"self":[{"href":"https:\/\/archivio.cercoiltuovolto.it\/index.php?rest_route=\/wp\/v2\/posts\/232265","targetHints":{"allow":["GET"]}}],"collection":[{"href":"https:\/\/archivio.cercoiltuovolto.it\/index.php?rest_route=\/wp\/v2\/posts"}],"about":[{"href":"https:\/\/archivio.cercoiltuovolto.it\/index.php?rest_route=\/wp\/v2\/types\/post"}],"author":[{"embeddable":true,"href":"https:\/\/archivio.cercoiltuovolto.it\/index.php?rest_route=\/wp\/v2\/users\/3"}],"replies":[{"embeddable":true,"href":"https:\/\/archivio.cercoiltuovolto.it\/index.php?rest_route=%2Fwp%2Fv2%2Fcomments&post=232265"}],"version-history":[{"count":0,"href":"https:\/\/archivio.cercoiltuovolto.it\/index.php?rest_route=\/wp\/v2\/posts\/232265\/revisions"}],"wp:attachment":[{"href":"https:\/\/archivio.cercoiltuovolto.it\/index.php?rest_route=%2Fwp%2Fv2%2Fmedia&parent=232265"}],"wp:term":[{"taxonomy":"category","embeddable":true,"href":"https:\/\/archivio.cercoiltuovolto.it\/index.php?rest_route=%2Fwp%2Fv2%2Fcategories&post=232265"},{"taxonomy":"post_tag","embeddable":true,"href":"https:\/\/archivio.cercoiltuovolto.it\/index.php?rest_route=%2Fwp%2Fv2%2Ftags&post=232265"}],"curies":[{"name":"wp","href":"https:\/\/api.w.org\/{rel}","templated":true}]}}