{"id":232260,"date":"2011-05-17T13:04:26","date_gmt":"2011-05-17T13:04:26","guid":{"rendered":"https:\/\/archivio.cercoiltuovolto.it\/?p=232260"},"modified":"2011-05-17T13:04:26","modified_gmt":"2011-05-17T13:04:26","slug":"riflessione-sul-vangelo-v-domenica-dei-pasqua-anno-a-22-maggio-2011","status":"publish","type":"post","link":"https:\/\/archivio.cercoiltuovolto.it\/?p=232260","title":{"rendered":"Riflessione sul Vangelo: V domenica dei Pasqua (anno A) &#8211; 22 maggio 2011"},"content":{"rendered":"<p style=\"text-align: center;\">\n<p style=\"text-align: justify;\">&#8220;<em>La Parola di Dio<\/em>&#8220;, canale YouTube del prolifico Don Mauro di <a href=\"http:\/\/www.graficapastorale.it\"><strong>graficapastorale.it<\/strong><\/a>, propone una riflessione sul brano del Vangelo di domenica prossima<strong>, <em>Gv 14, 1-12<\/em><\/strong><strong>.<\/strong><\/p>\n<blockquote>\n<h4>Chi desidera automaticamente avere il testo delle riflessioni, mandi il proprio indirizzo email a riflessionevangelo@graficapastorale.com che lo spedir\u00e0 ogni settimana.<\/h4>\n<\/blockquote>\n<blockquote style=\"text-align: justify;\">\n<p><em><em>Dal Vangelo secondo\u00a0Giovanni<\/em><br \/><\/em>In quel tempo, Ges\u00f9 disse ai suoi discepoli: \u00abNon sia turbato il vostro cuore. Abbiate fede in Dio e abbiate fede anche in me. Nella casa del Padre mio vi sono molte dimore. Se no, vi avrei mai detto: \u201cVado a prepararvi un posto\u201d? Quando sar\u00f2 andato e vi avr\u00f2 preparato un posto, verr\u00f2 di nuovo e vi prender\u00f2 con me, perch\u00e9 dove sono io siate anche voi. E del luogo dove io vado, conoscete la via\u00bb.<br \/>Gli disse Tommaso: \u00abSignore, non sappiamo dove vai; come possiamo conoscere la via?\u00bb. Gli disse Ges\u00f9: \u00abIo sono la via, la verit\u00e0 e la vita. Nessuno viene al Padre se non per mezzo di me. Se avete conosciuto me, conoscerete anche il Padre mio: fin da ora lo conoscete e lo avete veduto\u00bb.<br \/>Gli disse Filippo: \u00abSignore, mostraci il Padre e ci basta\u00bb. Gli rispose Ges\u00f9: \u00abDa tanto tempo sono con voi e tu non mi hai conosciuto, Filippo? Chi ha visto me, ha visto il Padre. Come puoi tu dire: \u201cMostraci il Padre\u201d? Non credi che io sono nel Padre e il Padre \u00e8 in me? Le parole che io vi dico, non le dico da me stesso; ma il Padre, che rimane in me, compie le sue opere.<br \/>Credete a me: io sono nel Padre e il Padre \u00e8 in me. Se non altro, credetelo per le opere stesse.<br \/>In verit\u00e0, in verit\u00e0 io vi dico: chi crede in me, anch\u2019egli compir\u00e0 le opere che io compio e ne compir\u00e0 di pi\u00f9 grandi di queste, perch\u00e9 io vado al Padre\u00bb.<em><br \/>C: Parola del Signore.<br \/>A: Lode a Te o Cristo.<br \/><\/em><\/p>\n<\/blockquote>\n<p class=\"link\"><a href=\"http:\/\/www.youtube.com\/watch?v=ZsuWpOdOEv0\">Link al Video<\/a><\/p>\n<p style=\"text-align: center;\">http:\/\/www.youtube.com\/watch?v=esaZKPizemQ<\/p>\n","protected":false},"excerpt":{"rendered":"<p>&#8220;La Parola di Dio&#8220;, canale YouTube del prolifico Don Mauro di graficapastorale.it, propone una riflessione sul brano del Vangelo di domenica prossima, Gv 14, 1-12. Chi desidera automaticamente avere il testo delle riflessioni, mandi il proprio indirizzo email a riflessionevangelo@graficapastorale.com che lo spedir\u00e0 ogni settimana. Dal Vangelo secondo\u00a0GiovanniIn quel tempo, Ges\u00f9 disse ai suoi discepoli:&#8230;<\/p>\n","protected":false},"author":3,"featured_media":0,"comment_status":"closed","ping_status":"closed","sticky":false,"template":"","format":"standard","meta":{"_kad_post_transparent":"","_kad_post_title":"","_kad_post_layout":"","_kad_post_sidebar_id":"","_kad_post_content_style":"","_kad_post_vertical_padding":"","_kad_post_feature":"","_kad_post_feature_position":"","_kad_post_header":false,"_kad_post_footer":false,"_kad_post_classname":"","footnotes":""},"categories":[101,147],"tags":[172,83],"class_list":["post-232260","post","type-post","status-publish","format-standard","hentry","category-101","category-commento-al-vangelo","tag-vangelo-della-domenica","tag-youtube"],"_links":{"self":[{"href":"https:\/\/archivio.cercoiltuovolto.it\/index.php?rest_route=\/wp\/v2\/posts\/232260","targetHints":{"allow":["GET"]}}],"collection":[{"href":"https:\/\/archivio.cercoiltuovolto.it\/index.php?rest_route=\/wp\/v2\/posts"}],"about":[{"href":"https:\/\/archivio.cercoiltuovolto.it\/index.php?rest_route=\/wp\/v2\/types\/post"}],"author":[{"embeddable":true,"href":"https:\/\/archivio.cercoiltuovolto.it\/index.php?rest_route=\/wp\/v2\/users\/3"}],"replies":[{"embeddable":true,"href":"https:\/\/archivio.cercoiltuovolto.it\/index.php?rest_route=%2Fwp%2Fv2%2Fcomments&post=232260"}],"version-history":[{"count":0,"href":"https:\/\/archivio.cercoiltuovolto.it\/index.php?rest_route=\/wp\/v2\/posts\/232260\/revisions"}],"wp:attachment":[{"href":"https:\/\/archivio.cercoiltuovolto.it\/index.php?rest_route=%2Fwp%2Fv2%2Fmedia&parent=232260"}],"wp:term":[{"taxonomy":"category","embeddable":true,"href":"https:\/\/archivio.cercoiltuovolto.it\/index.php?rest_route=%2Fwp%2Fv2%2Fcategories&post=232260"},{"taxonomy":"post_tag","embeddable":true,"href":"https:\/\/archivio.cercoiltuovolto.it\/index.php?rest_route=%2Fwp%2Fv2%2Ftags&post=232260"}],"curies":[{"name":"wp","href":"https:\/\/api.w.org\/{rel}","templated":true}]}}