{"id":232244,"date":"2011-05-14T22:02:50","date_gmt":"2011-05-14T22:02:50","guid":{"rendered":"https:\/\/archivio.cercoiltuovolto.it\/?p=232244"},"modified":"2011-05-14T22:02:50","modified_gmt":"2011-05-14T22:02:50","slug":"commento-al-vangelo-del-15-maggio-2011-p-massimo-granieri","status":"publish","type":"post","link":"https:\/\/archivio.cercoiltuovolto.it\/?p=232244","title":{"rendered":"Commento al Vangelo del 15 maggio 2011 &#8211; p. Massimo Granieri"},"content":{"rendered":"<p style=\"text-align: center;\">\n<p style=\"text-align: justify;\">Il \u00a0vangelo della domenica parla del pastore Ges\u00f9 che si prende cura del suo gregge. Ges\u00f9 \u00e8 la porta dell\u2019ovile, per la quale si deve passare per essere discepoli e legittimi pastori.\u00a0Nessuno pu\u00f2 avere autorit\u00e0 sulla Chiesa se non legittimato da Ges\u00f9.\u00a0Il resto nell\u2019audio commento, in onda su\u00a0<a href=\"http:\/\/www.rlb.it\/\" target=\"_blank\">RLB<\/a> ogni domenica mattina, alle 8.00.<\/p>\n<blockquote>\n<p><strong>Vangelo di Giovanni 10,1-10<\/strong><\/p>\n<p><em>Io sono la porta delle pecore.<\/em><\/p>\n<p>In quel tempo, Ges\u00f9 disse:<\/p>\n<p>\u00abIn verit\u00e0, in verit\u00e0 io vi dico: chi non entra nel recinto delle pecore dalla porta, ma vi sale da un\u2019altra parte, \u00e8 un ladro e un brigante. Chi invece entra dalla porta, \u00e8 pastore delle pecore.<\/p>\n<p>Il guardiano gli apre e le pecore ascoltano la sua voce: egli chiama le sue pecore, ciascuna per nome, e le conduce fuori. E quando ha spinto fuori tutte le sue pecore, cammina davanti a esse, e le pecore lo seguono perch\u00e9 conoscono la sua voce. Un estraneo invece non lo seguiranno, ma fuggiranno via da lui, perch\u00e9 non conoscono la voce degli estranei\u00bb.<\/p>\n<p>Ges\u00f9 disse loro questa similitudine, ma essi non capirono di che cosa parlava loro.<\/p>\n<p>Allora Ges\u00f9 disse loro di nuovo: \u00abIn verit\u00e0, in verit\u00e0 io vi dico: io sono la porta delle pecore. Tutti coloro che sono venuti prima di me, sono ladri e briganti; ma le pecore non li hanno ascoltati. Io sono la porta: se uno entra attraverso di me, sar\u00e0 salvato; entrer\u00e0 e uscir\u00e0 e trover\u00e0 pascolo.\u00a0Il ladro non viene se non per rubare, uccidere e distruggere; io sono venuto perch\u00e9 abbiano la vita e l\u2019abbiano in abbondanza\u00bb.<\/p>\n<\/blockquote>\n<div class=\"powerpressbox\" style=\"text-align: justify;\">[powerpress]<\/div>\n<p class=\"link\">Fonte: <a href=\"http:\/\/feedproxy.google.com\/~r\/LarenaDeiRumori\/~3\/9BtoBfMCo4c\/\">p. Massimo Granieri<\/a><\/p>\n","protected":false},"excerpt":{"rendered":"<p>Il \u00a0vangelo della domenica parla del pastore Ges\u00f9 che si prende cura del suo gregge. Ges\u00f9 \u00e8 la porta dell\u2019ovile, per la quale si deve passare per essere discepoli e legittimi pastori.\u00a0Nessuno pu\u00f2 avere autorit\u00e0 sulla Chiesa se non legittimato da Ges\u00f9.\u00a0Il resto nell\u2019audio commento, in onda su\u00a0RLB ogni domenica mattina, alle 8.00. Vangelo di&#8230;<\/p>\n","protected":false},"author":3,"featured_media":0,"comment_status":"closed","ping_status":"closed","sticky":false,"template":"","format":"standard","meta":{"_kad_post_transparent":"","_kad_post_title":"","_kad_post_layout":"","_kad_post_sidebar_id":"","_kad_post_content_style":"","_kad_post_vertical_padding":"","_kad_post_feature":"","_kad_post_feature_position":"","_kad_post_header":false,"_kad_post_footer":false,"_kad_post_classname":"","footnotes":""},"categories":[101,147],"tags":[385,31,172],"class_list":["post-232244","post","type-post","status-publish","format-standard","hentry","category-101","category-commento-al-vangelo","tag-passionisti","tag-radio-nel-web","tag-vangelo-della-domenica"],"_links":{"self":[{"href":"https:\/\/archivio.cercoiltuovolto.it\/index.php?rest_route=\/wp\/v2\/posts\/232244","targetHints":{"allow":["GET"]}}],"collection":[{"href":"https:\/\/archivio.cercoiltuovolto.it\/index.php?rest_route=\/wp\/v2\/posts"}],"about":[{"href":"https:\/\/archivio.cercoiltuovolto.it\/index.php?rest_route=\/wp\/v2\/types\/post"}],"author":[{"embeddable":true,"href":"https:\/\/archivio.cercoiltuovolto.it\/index.php?rest_route=\/wp\/v2\/users\/3"}],"replies":[{"embeddable":true,"href":"https:\/\/archivio.cercoiltuovolto.it\/index.php?rest_route=%2Fwp%2Fv2%2Fcomments&post=232244"}],"version-history":[{"count":0,"href":"https:\/\/archivio.cercoiltuovolto.it\/index.php?rest_route=\/wp\/v2\/posts\/232244\/revisions"}],"wp:attachment":[{"href":"https:\/\/archivio.cercoiltuovolto.it\/index.php?rest_route=%2Fwp%2Fv2%2Fmedia&parent=232244"}],"wp:term":[{"taxonomy":"category","embeddable":true,"href":"https:\/\/archivio.cercoiltuovolto.it\/index.php?rest_route=%2Fwp%2Fv2%2Fcategories&post=232244"},{"taxonomy":"post_tag","embeddable":true,"href":"https:\/\/archivio.cercoiltuovolto.it\/index.php?rest_route=%2Fwp%2Fv2%2Ftags&post=232244"}],"curies":[{"name":"wp","href":"https:\/\/api.w.org\/{rel}","templated":true}]}}