{"id":232235,"date":"2011-05-13T20:24:08","date_gmt":"2011-05-13T20:24:08","guid":{"rendered":"https:\/\/archivio.cercoiltuovolto.it\/?p=232235"},"modified":"2011-05-13T20:24:08","modified_gmt":"2011-05-13T20:24:08","slug":"riflessione-sul-vangelo-iv-domenica-del-tempo-di-pasqua-anno-a-15-maggio-2011","status":"publish","type":"post","link":"https:\/\/archivio.cercoiltuovolto.it\/?p=232235","title":{"rendered":"Riflessione sul Vangelo: IV domenica del Tempo di Pasqua (anno A) &#8211; 15 maggio 2011"},"content":{"rendered":"<p style=\"text-align: center;\">\n<p style=\"text-align: justify;\">&#8220;<em>La Parola di Dio<\/em>&#8220;, canale YouTube del prolifico Don Mauro di <a href=\"http:\/\/www.graficapastorale.it\"><strong>graficapastorale.it<\/strong><\/a>, propone una riflessione sul brano del Vangelo di domenica prossima<strong>, <em>Gv 10, 1-10<\/em><\/strong><strong>.<\/strong><\/p>\n<blockquote>\n<h4>Chi desidera automaticamente avere il testo delle riflessioni, mandi il proprio indirizzo email a riflessionevangelo@graficapastorale.com che lo spedir\u00e0 ogni settimana.<\/h4>\n<\/blockquote>\n<blockquote style=\"text-align: justify;\">\n<p><em><em>Dal Vangelo secondo\u00a0Giovanni<\/em><br \/>In quel tempo, Ges\u00f9 disse:<br \/>\u00abIn verit\u00e0, in verit\u00e0 io vi dico: chi non entra nel recinto delle pecore dalla porta, ma vi sale da un\u2019altra parte, \u00e8 un ladro e un brigante. Chi invece entra dalla porta, \u00e8 pastore delle pecore.<br \/>Il guardiano gli apre e le pecore ascoltano la sua voce: egli chiama le sue pecore, ciascuna per nome, e le conduce fuori. E quando ha spinto fuori tutte le sue pecore, cammina davanti a esse, e le pecore lo seguono perch\u00e9 conoscono la sua voce. Un estraneo invece non lo seguiranno, ma fuggiranno via da lui, perch\u00e9 non conoscono la voce degli estranei\u00bb.<br \/>Ges\u00f9 disse loro questa similitudine, ma essi non capirono di che cosa parlava loro.<br \/>Allora Ges\u00f9 disse loro di nuovo: \u00abIn verit\u00e0, in verit\u00e0 io vi dico: io sono la porta delle pecore. Tutti coloro che sono venuti prima di me, sono ladri e briganti; ma le pecore non li hanno ascoltati. Io sono la porta: se uno entra attraverso di me, sar\u00e0 salvato; entrer\u00e0 e uscir\u00e0 e trover\u00e0 pascolo.<br \/>Il ladro non viene se non per rubare, uccidere e distruggere; io sono venuto perch\u00e9 abbiano la vita e l\u2019abbiano in abbondanza\u00bb.<\/p>\n<p>C: Parola del Signore.<br \/>A: Lode a Te o Cristo.<br \/><\/em><\/p>\n<\/blockquote>\n<p class=\"link\"><a href=\"http:\/\/www.youtube.com\/watch?v=wbRqGi1E0HY\">Link al Video<\/a><\/p>\n","protected":false},"excerpt":{"rendered":"<p>&#8220;La Parola di Dio&#8220;, canale YouTube del prolifico Don Mauro di graficapastorale.it, propone una riflessione sul brano del Vangelo di domenica prossima, Gv 10, 1-10. Chi desidera automaticamente avere il testo delle riflessioni, mandi il proprio indirizzo email a riflessionevangelo@graficapastorale.com che lo spedir\u00e0 ogni settimana. Dal Vangelo secondo\u00a0GiovanniIn quel tempo, Ges\u00f9 disse:\u00abIn verit\u00e0, in verit\u00e0&#8230;<\/p>\n","protected":false},"author":3,"featured_media":0,"comment_status":"closed","ping_status":"closed","sticky":false,"template":"","format":"standard","meta":{"_kad_post_transparent":"","_kad_post_title":"","_kad_post_layout":"","_kad_post_sidebar_id":"","_kad_post_content_style":"","_kad_post_vertical_padding":"","_kad_post_feature":"","_kad_post_feature_position":"","_kad_post_header":false,"_kad_post_footer":false,"_kad_post_classname":"","footnotes":""},"categories":[101,147],"tags":[172,83],"class_list":["post-232235","post","type-post","status-publish","format-standard","hentry","category-101","category-commento-al-vangelo","tag-vangelo-della-domenica","tag-youtube"],"_links":{"self":[{"href":"https:\/\/archivio.cercoiltuovolto.it\/index.php?rest_route=\/wp\/v2\/posts\/232235","targetHints":{"allow":["GET"]}}],"collection":[{"href":"https:\/\/archivio.cercoiltuovolto.it\/index.php?rest_route=\/wp\/v2\/posts"}],"about":[{"href":"https:\/\/archivio.cercoiltuovolto.it\/index.php?rest_route=\/wp\/v2\/types\/post"}],"author":[{"embeddable":true,"href":"https:\/\/archivio.cercoiltuovolto.it\/index.php?rest_route=\/wp\/v2\/users\/3"}],"replies":[{"embeddable":true,"href":"https:\/\/archivio.cercoiltuovolto.it\/index.php?rest_route=%2Fwp%2Fv2%2Fcomments&post=232235"}],"version-history":[{"count":0,"href":"https:\/\/archivio.cercoiltuovolto.it\/index.php?rest_route=\/wp\/v2\/posts\/232235\/revisions"}],"wp:attachment":[{"href":"https:\/\/archivio.cercoiltuovolto.it\/index.php?rest_route=%2Fwp%2Fv2%2Fmedia&parent=232235"}],"wp:term":[{"taxonomy":"category","embeddable":true,"href":"https:\/\/archivio.cercoiltuovolto.it\/index.php?rest_route=%2Fwp%2Fv2%2Fcategories&post=232235"},{"taxonomy":"post_tag","embeddable":true,"href":"https:\/\/archivio.cercoiltuovolto.it\/index.php?rest_route=%2Fwp%2Fv2%2Ftags&post=232235"}],"curies":[{"name":"wp","href":"https:\/\/api.w.org\/{rel}","templated":true}]}}