{"id":232205,"date":"2011-05-08T12:00:09","date_gmt":"2011-05-08T12:00:09","guid":{"rendered":"https:\/\/archivio.cercoiltuovolto.it\/?p=232205"},"modified":"2011-05-08T12:00:09","modified_gmt":"2011-05-08T12:00:09","slug":"commento-al-vangelo-di-domenica-15-maggio-2011-alberto-maggi","status":"publish","type":"post","link":"https:\/\/archivio.cercoiltuovolto.it\/?p=232205","title":{"rendered":"Commento al Vangelo di domenica 15 maggio 2011 &#8211; Alberto Maggi"},"content":{"rendered":"<p style=\"text-align: center;\">\n<p>Padre Alberto Maggi commenta  il Vangelo di domenica prossima,<strong> IV Domenica del Tempo di Pasqua <\/strong>(www.studibiblici.it).<\/p>\n<blockquote style=\"text-align: justify;\">\n<p><em><\/em><em>Gv 10, 1-10<\/em><br \/><em>Dal Vangelo secondo\u00a0Giovanni<\/em><br \/>In quel tempo, Ges\u00f9 disse:<br \/> \u00abIn verit\u00e0, in verit\u00e0 io vi dico: chi non entra nel recinto delle  pecore dalla porta, ma vi sale da un\u2019altra parte, \u00e8 un ladro e un  brigante. Chi invece entra dalla porta, \u00e8 pastore delle pecore.<br \/> Il  guardiano gli apre e le pecore ascoltano la sua voce: egli chiama le sue  pecore, ciascuna per nome, e le conduce fuori. E quando ha spinto fuori  tutte le sue pecore, cammina davanti a esse, e le pecore lo seguono  perch\u00e9 conoscono la sua voce. Un estraneo invece non lo seguiranno, ma  fuggiranno via da lui, perch\u00e9 non conoscono la voce degli estranei\u00bb.<br \/> Ges\u00f9 disse loro questa similitudine, ma essi non capirono di che cosa parlava loro.<br \/> Allora Ges\u00f9 disse loro di nuovo: \u00abIn verit\u00e0, in verit\u00e0 io vi dico: io  sono la porta delle pecore. Tutti coloro che sono venuti prima di me,  sono ladri e briganti; ma le pecore non li hanno ascoltati. Io sono la  porta: se uno entra attraverso di me, sar\u00e0 salvato; entrer\u00e0 e uscir\u00e0 e  trover\u00e0 pascolo.<br \/> Il ladro non viene se non per rubare, uccidere e distruggere; io sono venuto perch\u00e9 abbiano la vita e l\u2019abbiano in abbondanza\u00bb.<br \/>C: Parola del Signore.<br \/>A: Lode a Te o Cristo.<\/p>\n<\/blockquote>\n<p class=\"link\" style=\"text-align: left;\"><a href=\"http:\/\/www.youtube.com\/watch?v=og4KYodc7eE\">Link al Video<\/a><\/p>\n","protected":false},"excerpt":{"rendered":"<p>Padre Alberto Maggi commenta il Vangelo di domenica prossima, IV Domenica del Tempo di Pasqua (www.studibiblici.it).<\/p>\n","protected":false},"author":3,"featured_media":0,"comment_status":"closed","ping_status":"closed","sticky":false,"template":"","format":"standard","meta":{"_kad_post_transparent":"","_kad_post_title":"","_kad_post_layout":"","_kad_post_sidebar_id":"","_kad_post_content_style":"","_kad_post_vertical_padding":"","_kad_post_feature":"","_kad_post_feature_position":"","_kad_post_header":false,"_kad_post_footer":false,"_kad_post_classname":"","footnotes":""},"categories":[101,217],"tags":[5,172,83],"class_list":["post-232205","post","type-post","status-publish","format-standard","hentry","category-101","category-alberto-maggi","tag-commento-al-vangelo","tag-vangelo-della-domenica","tag-youtube"],"_links":{"self":[{"href":"https:\/\/archivio.cercoiltuovolto.it\/index.php?rest_route=\/wp\/v2\/posts\/232205","targetHints":{"allow":["GET"]}}],"collection":[{"href":"https:\/\/archivio.cercoiltuovolto.it\/index.php?rest_route=\/wp\/v2\/posts"}],"about":[{"href":"https:\/\/archivio.cercoiltuovolto.it\/index.php?rest_route=\/wp\/v2\/types\/post"}],"author":[{"embeddable":true,"href":"https:\/\/archivio.cercoiltuovolto.it\/index.php?rest_route=\/wp\/v2\/users\/3"}],"replies":[{"embeddable":true,"href":"https:\/\/archivio.cercoiltuovolto.it\/index.php?rest_route=%2Fwp%2Fv2%2Fcomments&post=232205"}],"version-history":[{"count":0,"href":"https:\/\/archivio.cercoiltuovolto.it\/index.php?rest_route=\/wp\/v2\/posts\/232205\/revisions"}],"wp:attachment":[{"href":"https:\/\/archivio.cercoiltuovolto.it\/index.php?rest_route=%2Fwp%2Fv2%2Fmedia&parent=232205"}],"wp:term":[{"taxonomy":"category","embeddable":true,"href":"https:\/\/archivio.cercoiltuovolto.it\/index.php?rest_route=%2Fwp%2Fv2%2Fcategories&post=232205"},{"taxonomy":"post_tag","embeddable":true,"href":"https:\/\/archivio.cercoiltuovolto.it\/index.php?rest_route=%2Fwp%2Fv2%2Ftags&post=232205"}],"curies":[{"name":"wp","href":"https:\/\/api.w.org\/{rel}","templated":true}]}}