{"id":232197,"date":"2011-05-04T17:55:52","date_gmt":"2011-05-04T17:55:52","guid":{"rendered":"https:\/\/archivio.cercoiltuovolto.it\/?p=232197"},"modified":"2011-05-04T17:55:52","modified_gmt":"2011-05-04T17:55:52","slug":"udienza-generale-del-santo-padre-in-mp3-4-maggio-2011","status":"publish","type":"post","link":"https:\/\/archivio.cercoiltuovolto.it\/?p=232197","title":{"rendered":"&#8220;Udienza Generale&#8221; del Santo Padre in mp3 &#8211; 4 maggio 2011"},"content":{"rendered":"<p style=\"text-align: center;\"><strong><em>L&#8217;uomo in preghiera<\/em><\/strong><\/p>\n<p><em>Cari fratelli e sorelle,<\/em><\/p>\n<p>quest\u2019oggi vorrei iniziare una nuova serie di catechesi. Dopo le catechesi sui Padri della Chiesa, sui grandi teologi del Medioevo, sulle grandi donne, vorrei adesso scegliere un tema che sta molto a cuore a tutti noi: \u00e8 il tema della preghiera, in modo specifico di quella cristiana, la preghiera, cio\u00e8, che ci ha insegnato Ges\u00f9 e che continua ad insegnarci la Chiesa. E\u2019 in Ges\u00f9, infatti, che l\u2019uomo diventa capace di accostarsi a Dio con la profondit\u00e0 e l\u2019intimit\u00e0 del rapporto di paternit\u00e0 e di figliolanza. Insieme ai primi discepoli, con umile confidenza ci rivolgiamo allora al Maestro e Gli chiediamo: \u201cSignore, insegnaci a pregare\u201d (<em>Lc<\/em> 11,1).<\/p>\n<p><a href=\"http:\/\/www.vatican.va\/holy_father\/benedict_xvi\/audiences\/2011\/documents\/hf_ben-xvi_aud_20110504_it.html\">Leggi tutto il messaggio<\/a> <em>\u00a9 Copyright 2011 &#8211; Libreria Editrice Vaticana<\/em><\/p>\n<p class=\"link\" style=\"text-align: justify;\"><strong>Fonte<\/strong>: Radio Vaticana via FeedRss<\/p>\n<p><span style=\"font-size: xx-small;\"><em>(The content of this podcast is copyrighted by Vatican Radio which, according to its statute, is entrusted to manage and protect the sound recordings of the Roman Pontiff, ensuring that their pastoral character and intellectual property&#8217;s rights are protected when used by third parties. The content of this podcast is made available only for personal and private use and cannot be exploited for commercial purposes, without prior written authorization by Vatican Radio. For further information, please contact the International Relation Office at relint@vatiradio.va)<\/em><\/span><\/p>\n","protected":false},"excerpt":{"rendered":"<p>L&#8217;uomo in preghiera Cari fratelli e sorelle, quest\u2019oggi vorrei iniziare una nuova serie di catechesi. Dopo le catechesi sui Padri della Chiesa, sui grandi teologi del Medioevo, sulle grandi donne, vorrei adesso scegliere un tema che sta molto a cuore a tutti noi: \u00e8 il tema della preghiera, in modo specifico di quella cristiana, la&#8230;<\/p>\n","protected":false},"author":3,"featured_media":0,"comment_status":"closed","ping_status":"closed","sticky":false,"template":"","format":"standard","meta":{"_kad_post_transparent":"","_kad_post_title":"","_kad_post_layout":"","_kad_post_sidebar_id":"","_kad_post_content_style":"","_kad_post_vertical_padding":"","_kad_post_feature":"","_kad_post_feature_position":"","_kad_post_header":false,"_kad_post_footer":false,"_kad_post_classname":"","footnotes":""},"categories":[101,127],"tags":[65,9],"class_list":["post-232197","post","type-post","status-publish","format-standard","hentry","category-101","category-benedetto-xvi","tag-udienza-generale","tag-vaticano"],"_links":{"self":[{"href":"https:\/\/archivio.cercoiltuovolto.it\/index.php?rest_route=\/wp\/v2\/posts\/232197","targetHints":{"allow":["GET"]}}],"collection":[{"href":"https:\/\/archivio.cercoiltuovolto.it\/index.php?rest_route=\/wp\/v2\/posts"}],"about":[{"href":"https:\/\/archivio.cercoiltuovolto.it\/index.php?rest_route=\/wp\/v2\/types\/post"}],"author":[{"embeddable":true,"href":"https:\/\/archivio.cercoiltuovolto.it\/index.php?rest_route=\/wp\/v2\/users\/3"}],"replies":[{"embeddable":true,"href":"https:\/\/archivio.cercoiltuovolto.it\/index.php?rest_route=%2Fwp%2Fv2%2Fcomments&post=232197"}],"version-history":[{"count":0,"href":"https:\/\/archivio.cercoiltuovolto.it\/index.php?rest_route=\/wp\/v2\/posts\/232197\/revisions"}],"wp:attachment":[{"href":"https:\/\/archivio.cercoiltuovolto.it\/index.php?rest_route=%2Fwp%2Fv2%2Fmedia&parent=232197"}],"wp:term":[{"taxonomy":"category","embeddable":true,"href":"https:\/\/archivio.cercoiltuovolto.it\/index.php?rest_route=%2Fwp%2Fv2%2Fcategories&post=232197"},{"taxonomy":"post_tag","embeddable":true,"href":"https:\/\/archivio.cercoiltuovolto.it\/index.php?rest_route=%2Fwp%2Fv2%2Ftags&post=232197"}],"curies":[{"name":"wp","href":"https:\/\/api.w.org\/{rel}","templated":true}]}}