{"id":232151,"date":"2011-04-23T19:44:19","date_gmt":"2011-04-23T19:44:19","guid":{"rendered":"https:\/\/archivio.cercoiltuovolto.it\/?p=232151"},"modified":"2011-04-23T19:44:19","modified_gmt":"2011-04-23T19:44:19","slug":"la-santa-gerusalemme-a-speciale-tg1","status":"publish","type":"post","link":"https:\/\/archivio.cercoiltuovolto.it\/?p=232151","title":{"rendered":"La Santa Gerusalemme a &#8220;Speciale Tg1&#8221;"},"content":{"rendered":"<p style=\"text-align: center;\"><a href=\"http:\/\/www.cercoiltuovolto.it\/wp-content\/uploads\/2011\/04\/gerusalemme.jpg\"><img loading=\"lazy\" decoding=\"async\" class=\"aligncenter size-large wp-image-18350\" title=\"gerusalemme\" src=\"http:\/\/www.cercoiltuovolto.it\/wp-content\/uploads\/2011\/04\/gerusalemme-590x441.jpg\" alt=\"\" width=\"590\" height=\"441\" \/><\/a><\/p>\n<p style=\"text-align: justify;\">In occasione della Santa Pasqua, nella puntata di <strong>&#8220;Speciale Tg1&#8221;  in onda domenica 24 aprile su Rai1 alle 23.30<\/strong>, verra&#8217;\u00a0proposto\u00a0il  documentario\u00a0&#8220;<strong>La Santa\u00a0Gerusalemme<\/strong>&#8220;.<\/p>\n<p style=\"text-align: justify;\">Franco Scaglia e Andrea Di  Consoli\u00a0andranno alla scoperta delle \u201cporte\u201d che caratterizzano la Citt\u00e0  Santa, attraverso un viaggio denso di spunti storico-religiosi e  biblici. Le sette porte di pietra introducono il pellegrino all\u2019interno  della citt\u00e0, mentre una \u201cottava porta\u201d, simbolica e pregna di  significato, rappresenta la porta d\u2019ingresso alla memoria dell\u2019orrore  dell\u2019 Olocausto. La Gerusalemme raccontata da Scaglia e da Di Consoli \u00e8  struggente ed affascinante, ma anche feroce e colma di memorie gloriose e  insanguinate. Il documentario mostra\u00a0le mille facce di  una\u00a0citt\u00e0-groviglio cara agli ebrei, ai cristiani, ai musulmani, agli  armeni, agli archeologi e ai teologi di tutto il mondo. Una citt\u00e0 dove  in pochi chilometri si \u00e8 svolta gran parte della lunga e complicata  vicenda religiosa dell\u2019umanit\u00e0: la costruzione e la distruzione del  Tempio, la dolorosa ascesa al Golgota di Ges\u00f9, il viaggio onirico e  mistico di Maometto. Una citt\u00e0 stratificata, dalle mille contraddizioni,  in cui convivono faticosamente il nuovo muro d\u2019Israele e il suk  festoso, la preghiera al Muro del Pianto e la preghiera verso La Mecca  nella moschea di Al-Aqsa, la corsa rapida degli ebrei sulla \u201cvia dei  tetti\u201d e la custodia dei luoghi santi del martirio di Ges\u00f9.<\/p>\n<h3 style=\"text-align: justify;\"><a href=\"http:\/\/www.oecumene.radiovaticana.org\/IT1\/articolo.asp?c=481099\">Ascolta l&#8217;intervista di Radio Vaticana<\/a> a Franco Scaglia<\/h3>\n<p style=\"text-align: justify;\">[powerpress]<\/p>\n","protected":false},"excerpt":{"rendered":"<p>In occasione della Santa Pasqua, nella puntata di &#8220;Speciale Tg1&#8221; in onda domenica 24 aprile su Rai1 alle 23.30, verra&#8217;\u00a0proposto\u00a0il documentario\u00a0&#8220;La Santa\u00a0Gerusalemme&#8220;. Franco Scaglia e Andrea Di Consoli\u00a0andranno alla scoperta delle \u201cporte\u201d che caratterizzano la Citt\u00e0 Santa, attraverso un viaggio denso di spunti storico-religiosi e biblici. Le sette porte di pietra introducono il pellegrino all\u2019interno&#8230;<\/p>\n","protected":false},"author":3,"featured_media":0,"comment_status":"closed","ping_status":"closed","sticky":false,"template":"","format":"standard","meta":{"_kad_post_transparent":"","_kad_post_title":"","_kad_post_layout":"","_kad_post_sidebar_id":"","_kad_post_content_style":"","_kad_post_vertical_padding":"","_kad_post_feature":"","_kad_post_feature_position":"","_kad_post_header":false,"_kad_post_footer":false,"_kad_post_classname":"","footnotes":""},"categories":[101,155],"tags":[496,24,113],"class_list":["post-232151","post","type-post","status-publish","format-standard","hentry","category-101","category-documentario","tag-gerusalemme","tag-televisione","tag-video"],"_links":{"self":[{"href":"https:\/\/archivio.cercoiltuovolto.it\/index.php?rest_route=\/wp\/v2\/posts\/232151","targetHints":{"allow":["GET"]}}],"collection":[{"href":"https:\/\/archivio.cercoiltuovolto.it\/index.php?rest_route=\/wp\/v2\/posts"}],"about":[{"href":"https:\/\/archivio.cercoiltuovolto.it\/index.php?rest_route=\/wp\/v2\/types\/post"}],"author":[{"embeddable":true,"href":"https:\/\/archivio.cercoiltuovolto.it\/index.php?rest_route=\/wp\/v2\/users\/3"}],"replies":[{"embeddable":true,"href":"https:\/\/archivio.cercoiltuovolto.it\/index.php?rest_route=%2Fwp%2Fv2%2Fcomments&post=232151"}],"version-history":[{"count":0,"href":"https:\/\/archivio.cercoiltuovolto.it\/index.php?rest_route=\/wp\/v2\/posts\/232151\/revisions"}],"wp:attachment":[{"href":"https:\/\/archivio.cercoiltuovolto.it\/index.php?rest_route=%2Fwp%2Fv2%2Fmedia&parent=232151"}],"wp:term":[{"taxonomy":"category","embeddable":true,"href":"https:\/\/archivio.cercoiltuovolto.it\/index.php?rest_route=%2Fwp%2Fv2%2Fcategories&post=232151"},{"taxonomy":"post_tag","embeddable":true,"href":"https:\/\/archivio.cercoiltuovolto.it\/index.php?rest_route=%2Fwp%2Fv2%2Ftags&post=232151"}],"curies":[{"name":"wp","href":"https:\/\/api.w.org\/{rel}","templated":true}]}}