{"id":232146,"date":"2011-04-23T14:01:27","date_gmt":"2011-04-23T14:01:27","guid":{"rendered":"https:\/\/archivio.cercoiltuovolto.it\/?p=232146"},"modified":"2011-04-23T14:01:27","modified_gmt":"2011-04-23T14:01:27","slug":"benedetto-xvi-parole-del-santo-padre-al-termine-della-via-crucis-al-colosseo-in-mp3","status":"publish","type":"post","link":"https:\/\/archivio.cercoiltuovolto.it\/?p=232146","title":{"rendered":"Benedetto XVI &#8211; Parole del Santo Padre al termine della Via Crucis al Colosseo in mp3"},"content":{"rendered":"<blockquote>\n<p style=\"text-align: center;\">\n<p><em>Cari fratelli e sorelle,<\/em><\/p>\n<p>questa notte abbiamo accompagnato nella fede Ges\u00f9 che percorre l\u2019ultimo tratto  del suo cammino terreno, il tratto pi\u00f9 doloroso, quello del Calvario. Abbiamo  ascoltato il clamore della folla, le parole della condanna, la derisione dei  soldati, il pianto della Vergine Maria e delle donne. Ora siamo immersi nel  silenzio di questa notte, nel silenzio della croce, nel silenzio della morte. E\u2019  un silenzio che porta in s\u00e9 il peso del dolore dell\u2019uomo rifiutato, oppresso,  schiacciato, il peso del peccato che ne sfigura il volto, il peso del male.  Questa notte abbiamo rivissuto, nel profondo del nostro cuore, il dramma di Ges\u00f9,  carico del dolore, del male, del peccato dell\u2019uomo.<\/p>\n<p>Che cosa rimane ora davanti ai nostri occhi? Rimane un Crocifisso; una Croce  innalzata sul Golgota, una Croce che sembra segnare la sconfitta definitiva di  Colui che aveva portato la luce a chi era immerso nel buio, di Colui che aveva  parlato della forza del perdono e della misericordia, che aveva invitato a  credere nell\u2019amore infinito di Dio per ogni persona umana. Disprezzato e reietto  dagli uomini, davanti a noi sta l\u2019\u00abuomo dei dolori che ben conosce il patire,  come uno davanti al quale ci si copre la faccia\u00bb (<em>Is<\/em> 53,3).<\/p>\n<p>Ma guardiamo bene quell\u2019uomo crocifisso tra la terra e il Cielo, contempliamolo  con uno sguardo pi\u00f9 profondo, e scopriremo che  la Croce  non \u00e8 il segno della vittoria della morte, del peccato, del male ma \u00e8 il  segno luminoso dell\u2019amore, anzi della vastit\u00e0 dell\u2019amore di Dio, di ci\u00f2 che non  avremmo mai potuto chiedere, immaginare o sperare: Dio si \u00e8 piegato su di noi,  si \u00e8 abbassato fino a giungere nell\u2019angolo pi\u00f9 buio della nostra vita per  tenderci la mano e tirarci a s\u00e9, portarci fino a Lui.  La Croce ci  parla dell\u2019amore supremo di Dio e ci invita a rinnovare, oggi, la  nostra fede nella potenza di questo amore, a credere che in ogni situazione  della nostra vita, della storia, del mondo, Dio \u00e8 capace di vincere la morte, il  peccato, il male, e di donarci una vita nuova, risorta. Nella morte in croce del  Figlio di Dio, c\u2019\u00e8 il germe di una nuova speranza di vita, come il chicco che  muore dentro la terra.<\/p>\n<p>In questa notte carica di silenzio, carica di speranza, risuona l\u2019invito che Dio  ci rivolge attraverso le parole di sant\u2019Agostino: \u00abAbbiate fede! Voi verrete  da me e gusterete i beni della mia mensa, com&#8217;\u00e8 vero  che io non ho ricusato d&#8217;assaporare i mali della mensa vostra&#8230; Vi ho promesso  la mia vita&#8230; Come anticipo vi ho elargito la mia morte, quasi a dirvi: Ecco,  io vi invito a partecipare della mia vita&#8230; \u00c8 una vita dove nessuno muore, una  vita veramente beata, che offre un cibo incorruttibile, un cibo che ristora e  mai vien meno. La meta a cui vi invito, ecco\u2026 \u00e8 l&#8217;amicizia con il Padre e lo  Spirito Santo, \u00e8 la cena eterna, \u00e8 la comunione con me\u2026 \u00e8 partecipare della mia  vita\u00bb (cfr  Discorso 231, 5).<\/p>\n<p>Fissiamo il nostro sguardo su Ges\u00f9 Crocifisso e chiediamo nella preghiera:  Illumina, Signore, il nostro cuore, perch\u00e9 possiamo seguirti sul cammino della  Croce, fa\u2019 morire in noi l\u2019\u00abuomo vecchio\u00bb, legato all\u2019egoismo, al male, al  peccato, rendici \u00abuomini nuovi\u00bb, uomini e donne santi, trasformati e animati dal  tuo amore.<\/p>\n<p><em>\u00a9 Copyright 2011 &#8211; Libreria Editrice Vaticana<\/em><\/p>\n<\/blockquote>\n<div class=\"powerpressbox\">[powerpress]<\/div>\n<p style=\"text-align: justify;\"><strong>Fonte<\/strong>: Radio Vaticana via FeedRss<\/p>\n<blockquote>\n<p style=\"text-align: justify;\"><span style=\"font-size: xx-small;\"><em>(The content of this podcast is copyrighted by Vatican Radio which, according to  its statute, is entrusted to manage and protect the sound recordings of the  Roman Pontiff, ensuring that their pastoral character and intellectual  property&#8217;s rights are protected when used by third parties. The content of this  podcast is made available only for personal and private use and cannot be  exploited for commercial purposes, without prior written authorization by  Vatican Radio. For further information, please contact the International  Relation Office at relint@vatiradio.va)<\/em><\/span><\/p>\n<\/blockquote>\n","protected":false},"excerpt":{"rendered":"<p>Cari fratelli e sorelle, questa notte abbiamo accompagnato nella fede Ges\u00f9 che percorre l\u2019ultimo tratto del suo cammino terreno, il tratto pi\u00f9 doloroso, quello del Calvario. Abbiamo ascoltato il clamore della folla, le parole della condanna, la derisione dei soldati, il pianto della Vergine Maria e delle donne. Ora siamo immersi nel silenzio di questa&#8230;<\/p>\n","protected":false},"author":3,"featured_media":0,"comment_status":"closed","ping_status":"closed","sticky":false,"template":"","format":"standard","meta":{"_kad_post_transparent":"","_kad_post_title":"","_kad_post_layout":"","_kad_post_sidebar_id":"","_kad_post_content_style":"","_kad_post_vertical_padding":"","_kad_post_feature":"","_kad_post_feature_position":"","_kad_post_header":false,"_kad_post_footer":false,"_kad_post_classname":"","footnotes":""},"categories":[101,127],"tags":[9,492,51],"class_list":["post-232146","post","type-post","status-publish","format-standard","hentry","category-101","category-benedetto-xvi","tag-vaticano","tag-venerdi-santo","tag-via-crucis"],"_links":{"self":[{"href":"https:\/\/archivio.cercoiltuovolto.it\/index.php?rest_route=\/wp\/v2\/posts\/232146","targetHints":{"allow":["GET"]}}],"collection":[{"href":"https:\/\/archivio.cercoiltuovolto.it\/index.php?rest_route=\/wp\/v2\/posts"}],"about":[{"href":"https:\/\/archivio.cercoiltuovolto.it\/index.php?rest_route=\/wp\/v2\/types\/post"}],"author":[{"embeddable":true,"href":"https:\/\/archivio.cercoiltuovolto.it\/index.php?rest_route=\/wp\/v2\/users\/3"}],"replies":[{"embeddable":true,"href":"https:\/\/archivio.cercoiltuovolto.it\/index.php?rest_route=%2Fwp%2Fv2%2Fcomments&post=232146"}],"version-history":[{"count":0,"href":"https:\/\/archivio.cercoiltuovolto.it\/index.php?rest_route=\/wp\/v2\/posts\/232146\/revisions"}],"wp:attachment":[{"href":"https:\/\/archivio.cercoiltuovolto.it\/index.php?rest_route=%2Fwp%2Fv2%2Fmedia&parent=232146"}],"wp:term":[{"taxonomy":"category","embeddable":true,"href":"https:\/\/archivio.cercoiltuovolto.it\/index.php?rest_route=%2Fwp%2Fv2%2Fcategories&post=232146"},{"taxonomy":"post_tag","embeddable":true,"href":"https:\/\/archivio.cercoiltuovolto.it\/index.php?rest_route=%2Fwp%2Fv2%2Ftags&post=232146"}],"curies":[{"name":"wp","href":"https:\/\/api.w.org\/{rel}","templated":true}]}}