{"id":232115,"date":"2011-04-19T22:05:30","date_gmt":"2011-04-19T22:05:30","guid":{"rendered":"https:\/\/archivio.cercoiltuovolto.it\/?p=232115"},"modified":"2011-04-19T22:05:30","modified_gmt":"2011-04-19T22:05:30","slug":"commento-al-vangelo-giovedi-21-aprile-2011-bellanotizia","status":"publish","type":"post","link":"https:\/\/archivio.cercoiltuovolto.it\/?p=232115","title":{"rendered":"Commento al Vangelo &#8211; gioved\u00ec 21 aprile 2011 &#8211; Bellanotizia"},"content":{"rendered":"<p style=\"text-align: center;\">\n<p style=\"text-align: justify;\">Questa \u00e8 una rielaborazione <strong>audio\/video<\/strong> sulle letture della Messa di:<strong><em> gioved\u00ec 21 aprile 2011 &#8211; Gioved\u00ec Santo <\/em><\/strong>(Anno A) a cura di <a href=\"http:\/\/www.bellanotizia.it\" target=\"_blank\">Antonio Di Lieto<\/a>.<\/p>\n<p style=\"text-align: justify;\">Il titolo della Messa, che unifica tutte le letture, secondo l&#8217;autore \u00e8: <strong>Il gioved\u00ec dell&#8217;umilt\u00e0!<\/strong><\/p>\n<p class=\"link\" style=\"text-align: justify;\"><a href=\"http:\/\/www.youtube.com\/watch?v=d_GKJjc3Qm8\">Link al video<\/a><strong><br \/> <\/strong><\/p>\n<div class=\"powerpressbox\">[powerpress]<\/div>\n<h2>Commento alle Letture<\/h2>\n<blockquote>\n<p><span style=\"text-decoration: underline;\">PRIMA LETTURA (Esodo 12,1-8.11-14)<\/span><br \/> Questa lettura \u00e8 Parola di Dio. \u00c8 Dio infatti che &#8211;  parlando ad Aronne e Mos\u00e8 \u2013 un giorno disse: \u201cOra siete schiavi degli  Egiziani, ma vi garantisco che sta per arrivare la vostra Pasqua: la vostra liberazione.  Fate come vi dico: segnate le porte delle vostre case con il sangue di  un agnello, simbolo di UMILTA&#8217;. Poi consumate una cena molto UMILE:  mangiando agnello con erbe amare e pane non lievitato. Mangiatelo in  fretta, senza dare al pane il tempo di lievitarsi, perch\u00e9 quella sar\u00e0 la  vostra ultima cena prima della vostra Pasqua: della vostra liberazione!  Quella stessa notte infatti, i vostri persecutori moriranno: invece le  case segnate con il sangue dell&#8217;agnello, il sangue dell&#8217; UMILTA&#8217;,  saranno risparmiate. Ogni anno, la sera di GIOVEDI\u2019, consumerete questa  cena di Pasqua: sar\u00e0 per voi come un rituale, per ricordarvi di quando  il Signore vi ha liberato!&#8221;.<\/p>\n<p><span style=\"text-decoration: underline;\">SALMO RESPONSORIALE (Salmo 115,12-13.15-18)<\/span><br \/> Questo salmo \u00e8 Parola di Dio. Quindi \u00e8 Dio che ci parla e  ci dice: \u201cVuoi sapere, come puoi ricambiare ci\u00f2 che Io faccio per te?  Alza il calice della salvezza: e brinda invocando il Mio nome. La morte e  la sofferenza dei Miei fedeli infatti, non mi lascia indifferente. Tu  sei Mio servo e figlio di una Mia serva: per questo ho spezzato le tue catene. Allora invoca il mio nome, lodami e ringraziami sempre: con sincera UMILTA&#8217; !\u201d.<\/p>\n<p><span style=\"text-decoration: underline;\">SECONDA LETTURA (prima lettera di Paolo ai cristiani di Cor\u00ecnto 11,23-26)<\/span><br \/> Questa lettura \u00e8 Parola di Dio. Quindi \u00e8 Ges\u00f9 che ci  parla e &#8211; per bocca di Paolo &#8211; ci dice: \u201cMentre mangiavo con i miei  discepoli la cena del GIOVEDI\u2019 di Pasqua, poco prima di essere tradito,  presi il pane non lievitato che stava sulla tavola, lo spezzai e dissi:  \u00abQuesto \u00e8 il mio corpo, che si lascer\u00e0 spezzare per voi: con UMILTA\u2019.  Quando non ci sar\u00f2 pi\u00f9, mangiatelo in memoria di Me!\u00bb. Lasciando  intendere, che quando avrebbero mangiato di nuovo quel pane, Io li avrei  abbracciati di nuovo veramente: con il mio Corpo. Allo stesso modo poi,  dopo aver cenato, presi il calice del vino, e dissi: \u00abQuesto \u00e8 il mio  sangue: con cui firmer\u00f2 il mio patto d\u2019amore con l\u2019umanit\u00e0. Quando non ci sar\u00f2 pi\u00f9, bevetelo: e la mia alleanza con voi si rinnover\u00e0!\u00bb. <br \/> <span style=\"text-decoration: underline;\">VANGELO (Giovanni 13,1-15)<\/span><\/p>\n<p>Questo vangelo \u00e8 Parola  di Dio. Quindi \u00e8 Ges\u00f9 che ci parla e ci dice: &#8211; Prima della festa di  Pasqua, mi resi conto che ormai era vicina l\u2019ora del mio ritorno al  Padre: allora volli compiere verso i miei, un gesto di grande UMILTA\u2019.<\/p>\n<p>Mentre consumavamo la  cena del GIOVEDI\u2019 di Pasqua, mi alzai da tavola e &#8211; proprio Io che ero  stato mandato da Dio ed avevo tutto l\u2019universo nelle mie mani \u2013 le usai  per mettermi ai fianchi un asciugamano: come un UMILE servo. Poi versai  dell\u2019acqua in un recipiente e &#8211; come a quei tempi facevano i servitori  quando entrava in casa una persona importante &#8211; cominciai a lavare i piedi di tutti i miei discepoli. E con l\u2019asciugamano che avevo ai fianchi, ad uno ad uno pure mi misi ad asciugarglieli.<\/p>\n<p>Quando arriv\u00f2 il suo  turno, Pietro si rifiut\u00f2 dicendo: \u201cNo Signore, non lavarmeli. Semmai  sarei io che dovrei lavare i piedi a te!\u201d. Ma io gli dissi: \u201cLasciami  fare: dopo capirai perch\u00e8 \u00e8 importante che tu te li faccia lavare!\u201d. Ma  Pietro insisteva dicendo: \u201cNo Signore, non mi far\u00f2 mai lavare i piedi da  te!\u201d. Allora io gli dissi: \u201cVa bene, se non ti lasci lavare i piedi,  non voglio pi\u00f9 avere niente a che fare con te!\u201d. Allora Pietro alzando  le mani esclam\u00f2: \u201cNon sia mai Signore: lavami i piedi, la testa, le  mani, tutto quello che vuoi!\u201d.<\/p>\n<p>Poi aggiunsi: \u201cBene,  ora che io vi ho lavato, siete puri: anche se non tutti (mi riferivo a  Giuda)\u201d. Poi mi tolsi l\u2019asciugamano e, sedutomi di nuovo a tavola,  rivolto ad ognuno di loro dissi queste parole (che rivolgo anche a te):  \u201cSai perch\u00e9 ti ho lavato i piedi? Perch\u00e9 tu mi chiami Maestro e Signore:  e dici bene, perch\u00e9 lo sono. Se allora io &#8211; pur essendo il Signore  dell\u2019universo &#8211; mi sono fatto tuo servo, anche tu devi prendere esempio  da me: e servire gli altri. Con grande UMILTA\u2019!&#8221;-.<\/p>\n<\/blockquote>\n<blockquote>\n<p><span class=\"morebis\"> <\/span><strong>Sul sito<\/strong> <a href=\"http:\/\/www.bellanotizia.it\/\" target=\"_blank\">http:\/\/www.bellanotizia.it<\/a> puoi scaricare tante altre &#8220;bellenotizie&#8221;, anche in forma di registrazione-audio e presentazione-video, oltre a diversi miei articoli, scritti, corrispondenze-mail ed ipotesi innovative.<\/p>\n<p style=\"text-align: justify;\"><strong>Note<\/strong>: L&#8217;autore precisa che, anche se la lettura di queste bellenotizie aiuta a comprendere la prima parte della Messa (Liturgia della Parola), non potr\u00e0 mai sostituire la seconda parte (Liturgia eucaristica), in cui ci viene data la possibilit\u00e0 di &#8220;abbracciare&#8221; veramente il Corpo di Cristo.<\/p>\n<\/blockquote>\n","protected":false},"excerpt":{"rendered":"<p>Questa \u00e8 una rielaborazione audio\/video sulle letture della Messa di: gioved\u00ec 21 aprile 2011 &#8211; Gioved\u00ec Santo (Anno A) a cura di Antonio Di Lieto.<\/p>\n<p>Il titolo della Messa, che unifica tutte le letture, secondo l&#8217;autore \u00e8: Il gioved\u00ec dell&#8217;umilt\u00e0!<\/p>\n","protected":false},"author":3,"featured_media":0,"comment_status":"closed","ping_status":"closed","sticky":false,"template":"","format":"standard","meta":{"_kad_post_transparent":"","_kad_post_title":"","_kad_post_layout":"","_kad_post_sidebar_id":"","_kad_post_content_style":"","_kad_post_vertical_padding":"","_kad_post_feature":"","_kad_post_feature_position":"","_kad_post_header":false,"_kad_post_footer":false,"_kad_post_classname":"","footnotes":""},"categories":[101,232],"tags":[5,340,172],"class_list":["post-232115","post","type-post","status-publish","format-standard","hentry","category-101","category-bella-notizia","tag-commento-al-vangelo","tag-giovedi-santo","tag-vangelo-della-domenica"],"_links":{"self":[{"href":"https:\/\/archivio.cercoiltuovolto.it\/index.php?rest_route=\/wp\/v2\/posts\/232115","targetHints":{"allow":["GET"]}}],"collection":[{"href":"https:\/\/archivio.cercoiltuovolto.it\/index.php?rest_route=\/wp\/v2\/posts"}],"about":[{"href":"https:\/\/archivio.cercoiltuovolto.it\/index.php?rest_route=\/wp\/v2\/types\/post"}],"author":[{"embeddable":true,"href":"https:\/\/archivio.cercoiltuovolto.it\/index.php?rest_route=\/wp\/v2\/users\/3"}],"replies":[{"embeddable":true,"href":"https:\/\/archivio.cercoiltuovolto.it\/index.php?rest_route=%2Fwp%2Fv2%2Fcomments&post=232115"}],"version-history":[{"count":0,"href":"https:\/\/archivio.cercoiltuovolto.it\/index.php?rest_route=\/wp\/v2\/posts\/232115\/revisions"}],"wp:attachment":[{"href":"https:\/\/archivio.cercoiltuovolto.it\/index.php?rest_route=%2Fwp%2Fv2%2Fmedia&parent=232115"}],"wp:term":[{"taxonomy":"category","embeddable":true,"href":"https:\/\/archivio.cercoiltuovolto.it\/index.php?rest_route=%2Fwp%2Fv2%2Fcategories&post=232115"},{"taxonomy":"post_tag","embeddable":true,"href":"https:\/\/archivio.cercoiltuovolto.it\/index.php?rest_route=%2Fwp%2Fv2%2Ftags&post=232115"}],"curies":[{"name":"wp","href":"https:\/\/api.w.org\/{rel}","templated":true}]}}