{"id":232102,"date":"2011-04-14T06:00:09","date_gmt":"2011-04-14T06:00:09","guid":{"rendered":"https:\/\/archivio.cercoiltuovolto.it\/?p=232102"},"modified":"2011-04-14T06:00:09","modified_gmt":"2011-04-14T06:00:09","slug":"san-josemaria-escriva-una-biografia-per-immagini-del-fondatore-dellopus-dei","status":"publish","type":"post","link":"https:\/\/archivio.cercoiltuovolto.it\/?p=232102","title":{"rendered":"San Josemar\u00eda Escriv\u00e1 &#8211; Una biografia per immagini del fondatore dell&#8217;Opus Dei"},"content":{"rendered":"<p style=\"text-align: justify;\"><img loading=\"lazy\" decoding=\"async\" class=\"alignleft size-full wp-image-18184\" title=\"San Josemar\u00eda Escriv\u00e1\" src=\"http:\/\/www.cercoiltuovolto.it\/wp-content\/uploads\/2011\/04\/San-Josemar\u00eda-Escriv\u00e1.jpg\" alt=\"\" width=\"121\" height=\"170\" \/>\u00abQuesto libro \u00e8 un esperimento. Di san Josemar\u00eda Escriv\u00e1 esistono molte  biografie valide e ben scritte. Esistono anche diverse pubblicazioni  fotografiche ricche di immagini. Quello di cui si sentiva il bisogno era  un testo che riuscisse a mettere assieme le due cose: la vita di san  Josemar\u00eda narrata attraverso immagini e racconti. Un testo che ricreasse  ci\u00f2 che accade quando si sfoglia un album fotografico in famiglia e,  indicando le foto, si chiede a genitori e parenti di raccontare le  storie delle persone che vi sono ritratte.<br \/>Sono state scelte oltre un  centinaio di immagini. Quelle pi\u00f9 significative. Quelle che  rappresentano momenti, luoghi e persone che hanno avuto un posto nella  vita del fondatore dell\u2019Opus Dei. A ciascuna immagine \u00e8 stato abbinato  un testo. Per ogni istantanea un pezzo di storia.<br \/>Il libro inizia  dall\u2019infanzia di san Josemar\u00eda e, attraverso le tappe principali della  sua vicenda umana \u2013 dalla chiamata che sent\u00ec ancora giovanissimo alla  fondazione dell\u2019Opus Dei, dagli anni romani alla diffusione dell\u2019Opera  nel mondo \u2013, finisce con il raccontare che cos\u2019\u00e8 l\u2019Opus Dei oggi. Le due  cose sono profondamente legate. Non si pu\u00f2 capire infatti questa  \u201cmobilitazione di cristiani disposti a sacrificarsi con gioia per gli  altri, a rendere divini tutti i cammini umani della terra\u201d \u2013 come il  fondatore stesso la definiva \u2013 se non a partire dall\u2019esempio cristiano e  dall\u2019amore per il mondo creato da Dio che egli stesso apprese dai suoi  genitori.<br \/>Una sezione \u00e8 stata riservata alla storia dell\u2019Opus Dei in  Italia, alle persone che per prime iniziarono le attivit\u00e0 apostoliche e  alle iniziative sociali che ancora oggi sono al servizio di tutti nel  nostro paese. E non poteva mancare un capitolo dedicato a monsignor  \u00c1lvaro del Portillo, primo successore di san Josemar\u00eda, di cui \u00e8 in  corso il processo di beatificazione.\u00bb<\/p>\n<p style=\"text-align: center;\">http:\/\/www.youtube.com\/watch?v=KKdAVi7nCjs<\/p>\n<p class=\"acquista-paragrafo\"><a href=\"http:\/\/www.libreriadelsanto.it\/libri\/9788871809182\/san-josemaria-escriva.html?p=sot\" target=\"_blank\">Acquista il libro<\/a> su Libreria del Santo<\/p>\n","protected":false},"excerpt":{"rendered":"<p>\u00abQuesto libro \u00e8 un esperimento. Di san Josemar\u00eda Escriv\u00e1 esistono molte biografie valide e ben scritte. Esistono anche diverse pubblicazioni fotografiche ricche di immagini. Quello di cui si sentiva il bisogno era un testo che riuscisse a mettere assieme le due cose: la vita di san Josemar\u00eda narrata attraverso immagini e racconti. Un testo che&#8230;<\/p>\n","protected":false},"author":3,"featured_media":0,"comment_status":"closed","ping_status":"closed","sticky":false,"template":"","format":"standard","meta":{"_kad_post_transparent":"","_kad_post_title":"","_kad_post_layout":"","_kad_post_sidebar_id":"","_kad_post_content_style":"","_kad_post_vertical_padding":"","_kad_post_feature":"","_kad_post_feature_position":"","_kad_post_header":false,"_kad_post_footer":false,"_kad_post_classname":"","footnotes":""},"categories":[101,177],"tags":[17,36],"class_list":["post-232102","post","type-post","status-publish","format-standard","hentry","category-101","category-biografie","tag-libri","tag-opus-dei"],"_links":{"self":[{"href":"https:\/\/archivio.cercoiltuovolto.it\/index.php?rest_route=\/wp\/v2\/posts\/232102","targetHints":{"allow":["GET"]}}],"collection":[{"href":"https:\/\/archivio.cercoiltuovolto.it\/index.php?rest_route=\/wp\/v2\/posts"}],"about":[{"href":"https:\/\/archivio.cercoiltuovolto.it\/index.php?rest_route=\/wp\/v2\/types\/post"}],"author":[{"embeddable":true,"href":"https:\/\/archivio.cercoiltuovolto.it\/index.php?rest_route=\/wp\/v2\/users\/3"}],"replies":[{"embeddable":true,"href":"https:\/\/archivio.cercoiltuovolto.it\/index.php?rest_route=%2Fwp%2Fv2%2Fcomments&post=232102"}],"version-history":[{"count":0,"href":"https:\/\/archivio.cercoiltuovolto.it\/index.php?rest_route=\/wp\/v2\/posts\/232102\/revisions"}],"wp:attachment":[{"href":"https:\/\/archivio.cercoiltuovolto.it\/index.php?rest_route=%2Fwp%2Fv2%2Fmedia&parent=232102"}],"wp:term":[{"taxonomy":"category","embeddable":true,"href":"https:\/\/archivio.cercoiltuovolto.it\/index.php?rest_route=%2Fwp%2Fv2%2Fcategories&post=232102"},{"taxonomy":"post_tag","embeddable":true,"href":"https:\/\/archivio.cercoiltuovolto.it\/index.php?rest_route=%2Fwp%2Fv2%2Ftags&post=232102"}],"curies":[{"name":"wp","href":"https:\/\/api.w.org\/{rel}","templated":true}]}}