{"id":232094,"date":"2011-04-13T13:24:33","date_gmt":"2011-04-13T13:24:33","guid":{"rendered":"https:\/\/archivio.cercoiltuovolto.it\/?p=232094"},"modified":"2011-04-13T13:24:33","modified_gmt":"2011-04-13T13:24:33","slug":"udienza-generale-del-santo-padre-in-mp3-13-aprile-2011","status":"publish","type":"post","link":"https:\/\/archivio.cercoiltuovolto.it\/?p=232094","title":{"rendered":"&#8220;Udienza Generale&#8221; del Santo Padre in mp3 &#8211; 13 aprile 2011"},"content":{"rendered":"<p style=\"text-align: center;\"><a href=\"http:\/\/www.cercoiltuovolto.it\/wp-content\/uploads\/2011\/01\/udienza.jpg\"><img loading=\"lazy\" decoding=\"async\" class=\"aligncenter size-full wp-image-16441\" title=\"udienza\" src=\"http:\/\/www.cercoiltuovolto.it\/wp-content\/uploads\/2011\/01\/udienza.jpg\" alt=\"\" width=\"476\" height=\"132\" \/><\/a><\/p>\n<blockquote><p>Cari fratelli e sorelle,<\/p>\n<p>nelle  Udienze generali di questi ultimi due anni ci hanno accompagnato le  figure di tanti Santi e Sante: abbiamo imparato a conoscerli pi\u00f9 da  vicino e a capire che tutta la storia della Chiesa \u00e8 segnata da questi  uomini e donne che con la loro fede, con la loro carit\u00e0, con la loro  vita sono stati dei fari per tante generazioni, e lo sono anche per noi.  I Santi manifestano in diversi modi la presenza potente e trasformante  del Risorto; hanno lasciato che Cristo afferrasse cos\u00ec pienamente la  loro vita da poter affermare con san Paolo \u201cnon vivo pi\u00f9 io, ma Cristo  vive in me\u201d (Gal 2,20). Seguire il loro esempio, ricorrere alla loro  intercessione, entrare in comunione con loro, \u201cci unisce a Cristo, dal  quale, come dalla Fonte e dal Capo, promana tutta la grazia e tutta la  vita dello stesso Popolo di Dio\u201d (CONC. EC. VAT. II, Cost. dogm. Lumen  gentium 50). Al termine di questo ciclo di catechesi, vorrei allora  offrire qualche pensiero su cosa \u00e8 la santit\u00e0.<br \/>Cosa vuol  dire essere santi? Chi \u00e8 chiamato ad essere santo? Spesso si \u00e8 portati  ancora a pensare che la santit\u00e0 sia una meta riservata a pochi eletti.  San Paolo, invece, parla del grande disegno di Dio e afferma: \u201cIn lui \u2013  Cristo \u2013 (Dio) ci ha scelti prima della creazione del mondo per essere  santi e immacolati di fronte a lui nella carit\u00e0\u201d. E parla di noi tutti.  (Ef 1,4). Al centro del disegno divino c\u2019\u00e8 Cristo, nel quale Dio mostra  il suo Volto: il Mistero nascosto nei secoli si \u00e8 rivelato in pienezza  nel Verbo fatto carne. \u201cE\u2019 piaciuto infatti a Dio che abiti in Lui tutta  la pienezza\u201d (Col 1,19), afferma ancora l\u2019Apostolo. In Cristo il Dio  vivente si \u00e8 fatto vicino, visibile, ascoltabile, toccabile affinch\u00e9  ognuno possa attingere dalla sua pienezza di grazia e di verit\u00e0 (cfr Gv  1,14-16). Perci\u00f2, tutta l\u2019esistenza cristiana conosce un\u2019unica suprema  legge, quella che san Paolo esprime in una formula che ricorre in tutti i  suoi scritti: in Cristo Ges\u00f9. La santit\u00e0, la pienezza della vita  cristiana non consiste nel compiere imprese straordinarie, ma  nell\u2019unirsi a Cristo, nel vivere i suoi misteri, nel fare nostri i suoi  atteggiamenti, i suoi pensieri, i suoi comportamenti. La misura della  santit\u00e0 \u00e8 data dalla statura che Cristo raggiunge in noi, da quanto, con  la forza dello Spirito Santo, modelliamo tutta la nostra vita sulla  sua. E\u2019 l\u2019essere conformi a Ges\u00f9, come afferma san Paolo: \u201cQuelli che  egli da sempre ha conosciuto, li ha predestinati a essere conformi  all\u2019immagine del Figlio suo\u201d (Rm 8,29). E sant\u2019Agostino esclama: \u201cViva  sar\u00e0 la mia vita tutta piena di Te\u201d (Confessioni, 10,28). Il Concilio  Vaticano II, nella Costituzione sulla Chiesa, parla con chiarezza della  chiamata universale alla santit\u00e0, affermando che nessuno ne \u00e8 escluso:  \u201cNei vari generi di vita e nelle varie professioni un\u2019unica santit\u00e0 \u00e8  praticata da tutti coloro che sono mossi dallo Spirito di Dio e \u2026  seguono Cristo povero, umile e carico della croce, per meritare di  essere partecipi della sua gloria\u201d (n. 41).  <\/p>\n<ul>\n<li><a href=\"http:\/\/www.vatican.va\/holy_father\/benedict_xvi\/audiences\/2011\/index_it.htm\">Leggi tutto il messaggio<\/a> <em>\u00a9 Copyright 2010 &#8211; Libreria  Editrice Vaticana<\/em><\/li>\n<\/ul>\n<\/blockquote>\n<div class=\"powerpressbox\">[powerpress]<\/div>\n<p class=\"link\" style=\"text-align: justify;\"><strong>Fonte<\/strong>: Radio Vaticana via FeedRss<\/p>\n<p><span style=\"font-size: xx-small;\"><em>(The content of this podcast is copyrighted by Vatican Radio which, according to  its statute, is entrusted to manage and protect the sound recordings of the  Roman Pontiff, ensuring that their pastoral character and intellectual  property&#8217;s rights are protected when used by third parties. The content of this  podcast is made available only for personal and private use and cannot be  exploited for commercial purposes, without prior written authorization by  Vatican Radio. For further information, please contact the International  Relation Office at relint@vatiradio.va)<\/em><\/span><\/p>\n","protected":false},"excerpt":{"rendered":"<p>Cari fratelli e sorelle, nelle Udienze generali di questi ultimi due anni ci hanno accompagnato le figure di tanti Santi e Sante: abbiamo imparato a conoscerli pi\u00f9 da vicino e a capire che tutta la storia della Chiesa \u00e8 segnata da questi uomini e donne che con la loro fede, con la loro carit\u00e0, con&#8230;<\/p>\n","protected":false},"author":3,"featured_media":0,"comment_status":"closed","ping_status":"closed","sticky":false,"template":"","format":"standard","meta":{"_kad_post_transparent":"","_kad_post_title":"","_kad_post_layout":"","_kad_post_sidebar_id":"","_kad_post_content_style":"","_kad_post_vertical_padding":"","_kad_post_feature":"","_kad_post_feature_position":"","_kad_post_header":false,"_kad_post_footer":false,"_kad_post_classname":"","footnotes":""},"categories":[101,127],"tags":[65,9],"class_list":["post-232094","post","type-post","status-publish","format-standard","hentry","category-101","category-benedetto-xvi","tag-udienza-generale","tag-vaticano"],"_links":{"self":[{"href":"https:\/\/archivio.cercoiltuovolto.it\/index.php?rest_route=\/wp\/v2\/posts\/232094","targetHints":{"allow":["GET"]}}],"collection":[{"href":"https:\/\/archivio.cercoiltuovolto.it\/index.php?rest_route=\/wp\/v2\/posts"}],"about":[{"href":"https:\/\/archivio.cercoiltuovolto.it\/index.php?rest_route=\/wp\/v2\/types\/post"}],"author":[{"embeddable":true,"href":"https:\/\/archivio.cercoiltuovolto.it\/index.php?rest_route=\/wp\/v2\/users\/3"}],"replies":[{"embeddable":true,"href":"https:\/\/archivio.cercoiltuovolto.it\/index.php?rest_route=%2Fwp%2Fv2%2Fcomments&post=232094"}],"version-history":[{"count":0,"href":"https:\/\/archivio.cercoiltuovolto.it\/index.php?rest_route=\/wp\/v2\/posts\/232094\/revisions"}],"wp:attachment":[{"href":"https:\/\/archivio.cercoiltuovolto.it\/index.php?rest_route=%2Fwp%2Fv2%2Fmedia&parent=232094"}],"wp:term":[{"taxonomy":"category","embeddable":true,"href":"https:\/\/archivio.cercoiltuovolto.it\/index.php?rest_route=%2Fwp%2Fv2%2Fcategories&post=232094"},{"taxonomy":"post_tag","embeddable":true,"href":"https:\/\/archivio.cercoiltuovolto.it\/index.php?rest_route=%2Fwp%2Fv2%2Ftags&post=232094"}],"curies":[{"name":"wp","href":"https:\/\/api.w.org\/{rel}","templated":true}]}}