{"id":232093,"date":"2011-04-12T19:21:26","date_gmt":"2011-04-12T19:21:26","guid":{"rendered":"https:\/\/archivio.cercoiltuovolto.it\/?p=232093"},"modified":"2011-04-12T19:21:26","modified_gmt":"2011-04-12T19:21:26","slug":"dvd-libro-giovanni-paolo-ii-il-papa-si-racconta","status":"publish","type":"post","link":"https:\/\/archivio.cercoiltuovolto.it\/?p=232093","title":{"rendered":"DVD + Libro: Giovanni Paolo II &#8211; Il Papa si racconta"},"content":{"rendered":"<p style=\"text-align: center;\"><a href=\"http:\/\/www.cercoiltuovolto.it\/wp-content\/uploads\/2011\/04\/gpii1.jpg\"><img loading=\"lazy\" decoding=\"async\" class=\"aligncenter size-large wp-image-18150\" title=\"gpii\" src=\"http:\/\/www.cercoiltuovolto.it\/wp-content\/uploads\/2011\/04\/gpii1-590x370.jpg\" alt=\"\" width=\"590\" height=\"370\" \/><\/a><\/p>\n<h3>Il libro<\/h3>\n<p>Un libro inedito realizzato dalla redazione di Famiglia Cristiana in cui  sono raccolte oltre 250 fotografie, in grande formato, che raccontano e  testimoniano i momenti pi\u00f9 significativi della vita del Papa che ha  cambiato il mondo e la Chiesa. In ogni capitolo sono riportate  le parole e le riflessioni di Giovanni Paolo II sugli argomenti a lui  pi\u00f9 cari: la devozione  a Maria, la famiglia, i malati, la giustizia, i grandi temi della Terra,  il rapporto con le altre religioni e molto altro. Pagine che parlano di  un uomo, un Papa, un Beato.<\/p>\n<h3 style=\"text-align: left;\"><a href=\"http:\/\/www.cercoiltuovolto.it\/wp-content\/uploads\/2011\/04\/gpii-libro-dvd.png\"><img loading=\"lazy\" decoding=\"async\" class=\"aligncenter size-full wp-image-18149\" title=\"gpii-libro-dvd\" src=\"http:\/\/www.cercoiltuovolto.it\/wp-content\/uploads\/2011\/04\/gpii-libro-dvd.png\" alt=\"\" width=\"237\" height=\"332\" \/><\/a>Il DVD<\/h3>\n<p>Testimonianza \u00e8 una narrazione cinematografica della vita di Giovanni Paolo II.      <br \/> A raccontare \u00e8 il segretario e amico di sempre del Papa, il  testimone pi\u00f9 vicino      degli avvenimenti pi\u00f9 importanti del Grande Pontificato: il  cardinale Stanis\u0142aw Dziwisz. Testimonianza \u00e8 uscito nel 2007 in forma di  libro, Una vita con Karol, contenente      le conversazioni tra il cardinale Dziwisz e il vaticanista italiano  Gian Franco Svidercoschi.      Il film \u00e8 costituito sia da materiali documentari che da  ricostruzioni narrative degli eventi storici. I due piani sono uniti da  un Narratore, magistralmente interpretato dall&#8217;attore Michael York. Un  DVD di eccezionale valore storico.<\/p>\n<p style=\"text-align: center;\">http:\/\/www.youtube.com\/watch?v=x0vSbLs53UA<\/p>\n<p class=\"acquista-paragrafo\" style=\"text-align: left;\"><a href=\"http:\/\/www.famigliacristiana.it\/iniziative\/giovannipaolo.aspx\"><span>Acquista il libro+dvd<\/span><\/a> su famiglia cristiana<\/p>\n","protected":false},"excerpt":{"rendered":"<p>Il libro Un libro inedito realizzato dalla redazione di Famiglia Cristiana in cui sono raccolte oltre 250 fotografie, in grande formato, che raccontano e testimoniano i momenti pi\u00f9 significativi della vita del Papa che ha cambiato il mondo e la Chiesa. In ogni capitolo sono riportate le parole e le riflessioni di Giovanni Paolo II&#8230;<\/p>\n","protected":false},"author":3,"featured_media":0,"comment_status":"closed","ping_status":"closed","sticky":false,"template":"","format":"standard","meta":{"_kad_post_transparent":"","_kad_post_title":"","_kad_post_layout":"","_kad_post_sidebar_id":"","_kad_post_content_style":"","_kad_post_vertical_padding":"","_kad_post_feature":"","_kad_post_feature_position":"","_kad_post_header":false,"_kad_post_footer":false,"_kad_post_classname":"","footnotes":""},"categories":[101,228],"tags":[39,380,154],"class_list":["post-232093","post","type-post","status-publish","format-standard","hentry","category-101","category-dvd","tag-giovanni-paolo-ii","tag-in-evidenza","tag-iniziative"],"_links":{"self":[{"href":"https:\/\/archivio.cercoiltuovolto.it\/index.php?rest_route=\/wp\/v2\/posts\/232093","targetHints":{"allow":["GET"]}}],"collection":[{"href":"https:\/\/archivio.cercoiltuovolto.it\/index.php?rest_route=\/wp\/v2\/posts"}],"about":[{"href":"https:\/\/archivio.cercoiltuovolto.it\/index.php?rest_route=\/wp\/v2\/types\/post"}],"author":[{"embeddable":true,"href":"https:\/\/archivio.cercoiltuovolto.it\/index.php?rest_route=\/wp\/v2\/users\/3"}],"replies":[{"embeddable":true,"href":"https:\/\/archivio.cercoiltuovolto.it\/index.php?rest_route=%2Fwp%2Fv2%2Fcomments&post=232093"}],"version-history":[{"count":0,"href":"https:\/\/archivio.cercoiltuovolto.it\/index.php?rest_route=\/wp\/v2\/posts\/232093\/revisions"}],"wp:attachment":[{"href":"https:\/\/archivio.cercoiltuovolto.it\/index.php?rest_route=%2Fwp%2Fv2%2Fmedia&parent=232093"}],"wp:term":[{"taxonomy":"category","embeddable":true,"href":"https:\/\/archivio.cercoiltuovolto.it\/index.php?rest_route=%2Fwp%2Fv2%2Fcategories&post=232093"},{"taxonomy":"post_tag","embeddable":true,"href":"https:\/\/archivio.cercoiltuovolto.it\/index.php?rest_route=%2Fwp%2Fv2%2Ftags&post=232093"}],"curies":[{"name":"wp","href":"https:\/\/api.w.org\/{rel}","templated":true}]}}