{"id":232085,"date":"2011-04-12T06:00:40","date_gmt":"2011-04-12T06:00:40","guid":{"rendered":"https:\/\/archivio.cercoiltuovolto.it\/?p=232085"},"modified":"2011-04-12T06:00:40","modified_gmt":"2011-04-12T06:00:40","slug":"dvd-passione-secondo-luca","status":"publish","type":"post","link":"https:\/\/archivio.cercoiltuovolto.it\/?p=232085","title":{"rendered":"DVD &#8211; Passione secondo Luca"},"content":{"rendered":"<p style=\"text-align: center;\"><a href=\"http:\/\/www.cercoiltuovolto.it\/wp-content\/uploads\/2011\/04\/PassioneLuca_copertina.jpg\"><img loading=\"lazy\" decoding=\"async\" class=\"aligncenter size-large wp-image-18074\" title=\"PassioneLuca_copertina\" src=\"http:\/\/www.cercoiltuovolto.it\/wp-content\/uploads\/2011\/04\/PassioneLuca_copertina-590x392.jpg\" alt=\"\" width=\"590\" height=\"392\" \/><\/a><\/p>\n<p><strong>In cofanetto di 3 CD e 1 DVD, Vangelo, musica e l&#8217;arte Sacro Monte di Varallo<\/strong><\/p>\n<p>Vangelo, musica e arte. Sono gli ingredienti di un cofanetto multimediale \u2014pubblicato nell\u2019ambito della manifestazione diocesana Passio. Cultura e arte attorno al mistero pasquale\u2014, che permette di rivivere l\u2019emozione dell\u2019esecuzione dell\u2019Oratorio della Passione secondo Luca, avvenuta in prima assoluta, nella cattedrale di Novara, il 26 marzo 2010.<\/p>\n<p>Tre CD e un DVD riportano i suoni e le immagini dei solisti, dei cori diocesani e della Cappella strumentaledel Duomo \u2014 per un totale di oltre 250 esecutori \u2014 che, diretti da Paolo Monticelli, danno vita al racconto di Luca, narrato in musica dal compositore Alberto Sala, organista titolare del Duomo. E accanto alla musica, il commento alla vicenda di Cristo \u00e8 offerto da immagini del Sacro Monte di Varallo, grazie a videoriprese inedite, appositamente realizzate nelle cappelle pi\u00f9 suggestive del complesso artistico valsesiano, patrimonio dell\u2019umanit\u00e0 Unesco. \u201c\u00c8 la prima volta che il Sacro Monte di Varallo \u00e8 valorizzato in unione cos\u00ec intima con la musica per narrare il mistero di Cristo\u2014spiega don Silvio Barbaglia, responsabile del progetto\u2014, grazie a un\u2019opera musicale che, per la prima volta nella storia, narra nel canto l\u2019intero testo della Passione secondo Luca, tradotto in lingua italiana\u201d. Incluso nel cofanetto anche il libretto dell\u2019opera, con immagini degli esecutori e l\u2019intero testo dell\u2019Oratorio, in cui al Vangelo si alternano commenti poetici scritti dalla biblista e scrittrice Rosanna Virgili.<\/p>\n<p style=\"text-align: center;\">\n<div class=\"entry-content-asset videofit\"><iframe loading=\"lazy\" title=\"Passione secondo Luca: ANTEPRIMA\" width=\"720\" height=\"540\" src=\"https:\/\/www.youtube.com\/embed\/vC_BhHuRbdU?feature=oembed\" frameborder=\"0\" allow=\"accelerometer; autoplay; clipboard-write; encrypted-media; gyroscope; picture-in-picture; web-share\" referrerpolicy=\"strict-origin-when-cross-origin\" allowfullscreen><\/iframe><\/div>\n<\/p>\n<p style=\"text-align: center;\">\n<div class=\"entry-content-asset videofit\"><iframe loading=\"lazy\" title=\"Passione secondo Luca: Cena Pasquale (Estratto) [HQ]\" width=\"720\" height=\"540\" src=\"https:\/\/www.youtube.com\/embed\/FAXihm2QR9U?feature=oembed\" frameborder=\"0\" allow=\"accelerometer; autoplay; clipboard-write; encrypted-media; gyroscope; picture-in-picture; web-share\" referrerpolicy=\"strict-origin-when-cross-origin\" allowfullscreen><\/iframe><\/div>\n<\/p>\n<p style=\"text-align: center;\">\n<div class=\"entry-content-asset videofit\"><iframe loading=\"lazy\" title=\"Passione secondo Luca: ANTEPRIMA [HQ]\" width=\"720\" height=\"540\" src=\"https:\/\/www.youtube.com\/embed\/dw0B9B9lRpE?feature=oembed\" frameborder=\"0\" allow=\"accelerometer; autoplay; clipboard-write; encrypted-media; gyroscope; picture-in-picture; web-share\" referrerpolicy=\"strict-origin-when-cross-origin\" allowfullscreen><\/iframe><\/div>\n<\/p>\n<p class=\"link\"><span>maggiori info ed acquisti: <a href=\"http:\/\/www.lanuovaregaldi.it\/passio2010\/programma.cfm?sezionePro=840\">La Nuova Regaldi<\/a><\/span><\/p>\n","protected":false},"excerpt":{"rendered":"<p>In cofanetto di 3 CD e 1 DVD, Vangelo, musica e l&#8217;arte Sacro Monte di Varallo Vangelo, musica e arte. Sono gli ingredienti di un cofanetto multimediale \u2014pubblicato nell\u2019ambito della manifestazione diocesana Passio. Cultura e arte attorno al mistero pasquale\u2014, che permette di rivivere l\u2019emozione dell\u2019esecuzione dell\u2019Oratorio della Passione secondo Luca, avvenuta in prima assoluta,&#8230;<\/p>\n","protected":false},"author":3,"featured_media":0,"comment_status":"closed","ping_status":"closed","sticky":false,"template":"","format":"standard","meta":{"_kad_post_transparent":"","_kad_post_title":"","_kad_post_layout":"","_kad_post_sidebar_id":"","_kad_post_content_style":"","_kad_post_vertical_padding":"","_kad_post_feature":"","_kad_post_feature_position":"","_kad_post_header":false,"_kad_post_footer":false,"_kad_post_classname":"","footnotes":""},"categories":[101,228],"tags":[380,449,171],"class_list":["post-232085","post","type-post","status-publish","format-standard","hentry","category-101","category-dvd","tag-in-evidenza","tag-luca","tag-passione"],"_links":{"self":[{"href":"https:\/\/archivio.cercoiltuovolto.it\/index.php?rest_route=\/wp\/v2\/posts\/232085","targetHints":{"allow":["GET"]}}],"collection":[{"href":"https:\/\/archivio.cercoiltuovolto.it\/index.php?rest_route=\/wp\/v2\/posts"}],"about":[{"href":"https:\/\/archivio.cercoiltuovolto.it\/index.php?rest_route=\/wp\/v2\/types\/post"}],"author":[{"embeddable":true,"href":"https:\/\/archivio.cercoiltuovolto.it\/index.php?rest_route=\/wp\/v2\/users\/3"}],"replies":[{"embeddable":true,"href":"https:\/\/archivio.cercoiltuovolto.it\/index.php?rest_route=%2Fwp%2Fv2%2Fcomments&post=232085"}],"version-history":[{"count":0,"href":"https:\/\/archivio.cercoiltuovolto.it\/index.php?rest_route=\/wp\/v2\/posts\/232085\/revisions"}],"wp:attachment":[{"href":"https:\/\/archivio.cercoiltuovolto.it\/index.php?rest_route=%2Fwp%2Fv2%2Fmedia&parent=232085"}],"wp:term":[{"taxonomy":"category","embeddable":true,"href":"https:\/\/archivio.cercoiltuovolto.it\/index.php?rest_route=%2Fwp%2Fv2%2Fcategories&post=232085"},{"taxonomy":"post_tag","embeddable":true,"href":"https:\/\/archivio.cercoiltuovolto.it\/index.php?rest_route=%2Fwp%2Fv2%2Ftags&post=232085"}],"curies":[{"name":"wp","href":"https:\/\/api.w.org\/{rel}","templated":true}]}}