{"id":232074,"date":"2011-04-10T14:33:26","date_gmt":"2011-04-10T14:33:26","guid":{"rendered":"https:\/\/archivio.cercoiltuovolto.it\/?p=232074"},"modified":"2011-04-10T14:33:26","modified_gmt":"2011-04-10T14:33:26","slug":"benedetto-xvi-angelus-del-10-aprile-2011-in-mp3","status":"publish","type":"post","link":"https:\/\/archivio.cercoiltuovolto.it\/?p=232074","title":{"rendered":"Benedetto XVI &#8211; Angelus del 10 aprile 2011 in mp3"},"content":{"rendered":"<blockquote>\n<p style=\"text-align: center;\">\n<p><em>Cari fratelli e sorelle!<\/em><\/p>\n<p>Mancano solo due settimane alla Pasqua, e le Letture bibliche di questa domenica  parlano tutte della risurrezione. Non ancora di quella di Ges\u00f9, che irromper\u00e0  come una novit\u00e0 assoluta, ma della nostra risurrezione, quella a cui noi  aspiriamo e che proprio Cristo ci ha donato, risorgendo dai morti. In effetti,  la morte rappresenta per noi come un muro che ci impedisce di vedere oltre;  eppure il nostro cuore si protende al di l\u00e0 di questo muro, e anche se non  possiamo conoscere quello che esso nasconde, tuttavia lo pensiamo, lo  immaginiamo, esprimendo con simboli il nostro desiderio di eternit\u00e0.<\/p>\n<p>Al popolo ebraico, in esilio lontano dalla terra d\u2019Israele, il profeta Ezechiele  annuncia che Dio aprir\u00e0 i sepolcri dei deportati e li far\u00e0 ritornare nella loro  terra, per riposarvi in pace (cfr <em>Ez<\/em> 37,12-14). Questa aspirazione  ancestrale dell\u2019uomo ad essere sepolto insieme con i suoi padri \u00e8 anelito ad una  \u201cpatria\u201d che lo accolga al termine delle fatiche terrene. Questa concezione non  contiene ancora l\u2019idea di una risurrezione personale dalla morte, che compare  solo verso la fine dell\u2019Antico Testamento, e ancora al tempo di Ges\u00f9 non era  accolta da tutti i Giudei. Del resto, anche tra i cristiani, la fede nella  risurrezione e nella vita eterna si accompagna non raramente a tanti dubbi, a  tanta confusione, perch\u00e9 si tratta pur sempre di una realt\u00e0 che oltrepassa i  limiti della nostra ragione, e richiede un atto di fede. Nel Vangelo di oggi \u2013  la risurrezione di Lazzaro \u2013 noi ascoltiamo la voce della fede dalla bocca di  Marta, la sorella di Lazzaro. A Ges\u00f9 che le dice: \u201cTuo fratello risorger\u00e0\u201d, ella  risponde: \u201cSo che risorger\u00e0 nella risurrezione dell\u2019ultimo giorno\u201d (<em>Gv<\/em> 11,23-24). Ma Ges\u00f9 replica: \u201cIo sono la risurrezione e la vita; chi crede in me,  anche se muore, vivr\u00e0\u201d (<em>Gv<\/em> 11,25-26). Ecco la vera novit\u00e0, che irrompe e  supera ogni barriera! Cristo abbatte il muro della morte, in Lui abita tutta la  pienezza di Dio, che \u00e8 vita, vita eterna. Per questo la morte non ha avuto  potere su di Lui; e la risurrezione di Lazzaro \u00e8 segno del suo pieno dominio  sulla morte fisica, che davanti a Dio \u00e8 come un sonno (cfr <em>Gv<\/em> 11,11).<\/p>\n<p>Ma c\u2019\u00e8 un\u2019altra morte, che \u00e8 costata a Cristo la pi\u00f9 dura lotta, addirittura il  prezzo della croce: \u00e8 la morte spirituale, il peccato, che minaccia di rovinare  l\u2019esistenza di ogni uomo. Per vincere <em>questa<\/em> morte Cristo \u00e8 morto, e la  sua Risurrezione non \u00e8 il ritorno alla vita precedente, ma l\u2019apertura di una  realt\u00e0 nuova, una \u201cnuova terra\u201d, finalmente ricongiunta con il Cielo di Dio. Per  questo san Paolo scrive: \u201cSe lo Spirito di Dio, che ha risuscitato Ges\u00f9 dai  morti, abita in voi, colui che ha risuscitato Cristo dai morti dar\u00e0 la vita  anche ai vostri corpi mortali per mezzo del suo Spirito che abita in voi\u201d (<em>Rm<\/em> 8,11). Cari fratelli, rivolgiamoci alla Vergine Maria, che gi\u00e0 partecipa di  questa Risurrezione, perch\u00e9 ci aiuti a dire con fede: \u201cS\u00ec, o Signore, io credo  che tu sei il Cristo, il Figlio di Dio\u201d (<em>Gv<\/em> 11,27), a scoprire veramente  che Lui \u00e8 la nostra salvezza.<\/p>\n<ul>\n<li><a href=\"http:\/\/www.vatican.va\/holy_father\/benedict_xvi\/angelus\/2011\/documents\/hf_ben-xvi_ang_20110410_it.html\">Leggi tutto il messaggio<\/a> <em>\u00a9 Copyright 2011 &#8211; Libreria  Editrice Vaticana<\/em><\/li>\n<\/ul>\n<\/blockquote>\n<div class=\"powerpressbox\">[powerpress]<\/div>\n<p style=\"text-align: justify;\"><strong>Fonte<\/strong>: Radio Vaticana via FeedRss<\/p>\n<blockquote>\n<p style=\"text-align: justify;\"><span style=\"font-size: xx-small;\"><em>(The content of this podcast is copyrighted by Vatican Radio which, according to  its statute, is entrusted to manage and protect the sound recordings of the  Roman Pontiff, ensuring that their pastoral character and intellectual  property&#8217;s rights are protected when used by third parties. The content of this  podcast is made available only for personal and private use and cannot be  exploited for commercial purposes, without prior written authorization by  Vatican Radio. For further information, please contact the International  Relation Office at relint@vatiradio.va)<\/em><\/span><\/p>\n<\/blockquote>\n","protected":false},"excerpt":{"rendered":"<p>Cari fratelli e sorelle! Mancano solo due settimane alla Pasqua, e le Letture bibliche di questa domenica parlano tutte della risurrezione. Non ancora di quella di Ges\u00f9, che irromper\u00e0 come una novit\u00e0 assoluta, ma della nostra risurrezione, quella a cui noi aspiriamo e che proprio Cristo ci ha donato, risorgendo dai morti. In effetti, la&#8230;<\/p>\n","protected":false},"author":3,"featured_media":0,"comment_status":"closed","ping_status":"closed","sticky":false,"template":"","format":"standard","meta":{"_kad_post_transparent":"","_kad_post_title":"","_kad_post_layout":"","_kad_post_sidebar_id":"","_kad_post_content_style":"","_kad_post_vertical_padding":"","_kad_post_feature":"","_kad_post_feature_position":"","_kad_post_header":false,"_kad_post_footer":false,"_kad_post_classname":"","footnotes":""},"categories":[101,114],"tags":[73,9],"class_list":["post-232074","post","type-post","status-publish","format-standard","hentry","category-101","category-angelus","tag-benedetto-xvi","tag-vaticano"],"_links":{"self":[{"href":"https:\/\/archivio.cercoiltuovolto.it\/index.php?rest_route=\/wp\/v2\/posts\/232074","targetHints":{"allow":["GET"]}}],"collection":[{"href":"https:\/\/archivio.cercoiltuovolto.it\/index.php?rest_route=\/wp\/v2\/posts"}],"about":[{"href":"https:\/\/archivio.cercoiltuovolto.it\/index.php?rest_route=\/wp\/v2\/types\/post"}],"author":[{"embeddable":true,"href":"https:\/\/archivio.cercoiltuovolto.it\/index.php?rest_route=\/wp\/v2\/users\/3"}],"replies":[{"embeddable":true,"href":"https:\/\/archivio.cercoiltuovolto.it\/index.php?rest_route=%2Fwp%2Fv2%2Fcomments&post=232074"}],"version-history":[{"count":0,"href":"https:\/\/archivio.cercoiltuovolto.it\/index.php?rest_route=\/wp\/v2\/posts\/232074\/revisions"}],"wp:attachment":[{"href":"https:\/\/archivio.cercoiltuovolto.it\/index.php?rest_route=%2Fwp%2Fv2%2Fmedia&parent=232074"}],"wp:term":[{"taxonomy":"category","embeddable":true,"href":"https:\/\/archivio.cercoiltuovolto.it\/index.php?rest_route=%2Fwp%2Fv2%2Fcategories&post=232074"},{"taxonomy":"post_tag","embeddable":true,"href":"https:\/\/archivio.cercoiltuovolto.it\/index.php?rest_route=%2Fwp%2Fv2%2Ftags&post=232074"}],"curies":[{"name":"wp","href":"https:\/\/api.w.org\/{rel}","templated":true}]}}