{"id":232034,"date":"2011-04-03T21:38:52","date_gmt":"2011-04-03T21:38:52","guid":{"rendered":"https:\/\/archivio.cercoiltuovolto.it\/?p=232034"},"modified":"2011-04-03T21:38:52","modified_gmt":"2011-04-03T21:38:52","slug":"benedetto-xvi-angelus-del-3-aprile-2011-in-mp3","status":"publish","type":"post","link":"https:\/\/archivio.cercoiltuovolto.it\/?p=232034","title":{"rendered":"Benedetto XVI &#8211; Angelus del 3 aprile 2011 in mp3"},"content":{"rendered":"<blockquote>\n<p style=\"text-align: center;\">\n<p><em>Cari fratelli e sorelle!<\/em><\/p>\n<p>L\u2019itinerario quaresimale che stiamo vivendo \u00e8 un tempo particolare di grazia,  durante il quale possiamo sperimentare il dono della benevolenza del Signore nei  nostri confronti. La liturgia di questa domenica, denominata \u201c<em>Laetare<\/em>\u201d,  invita a rallegrarci, a gioire, cos\u00ec come proclama l\u2019antifona d\u2019ingresso della  celebrazione eucaristica: \u201cRallegrati, Gerusalemme, e voi tutti che l\u2019amate,  riunitevi. Esultate e gioite, voi che eravate nella tristezza: saziatevi  dell\u2019abbondanza della vostra consolazione\u201d (cfr <em>Is<\/em> 66,10-11). Qual \u00e8 la  ragione profonda di questa gioia? Ce lo dice il Vangelo odierno, nel quale Ges\u00f9  guarisce un uomo cieco dalla nascita. La domanda che il Signore Ges\u00f9 rivolge a  colui che era stato cieco costituisce il culmine del racconto: \u201cTu credi nel  Figlio dell\u2019uomo?\u201d (<em>Gv<\/em> 9,35). Quell\u2019uomo riconosce il segno operato da  Ges\u00f9 e passa dalla luce degli occhi alla luce della fede: \u201cCredo, Signore!\u201d (<em>Gv<\/em> 9,38). \u00c8 da evidenziare come una persona semplice e sincera, in modo graduale,  compie un cammino di fede: in un primo momento incontra Ges\u00f9 come un \u201cuomo\u201d tra  gli altri, poi lo considera un \u201cprofeta\u201d, infine i suoi occhi si aprono e lo  proclama \u201cSignore\u201d. In opposizione alla fede del cieco guarito vi \u00e8  l\u2019indurimento del cuore dei farisei che non vogliono accettare il miracolo,  perch\u00e9 si rifiutano di accogliere Ges\u00f9 come il Messia. La folla, invece, si  sofferma a discutere sull\u2019accaduto e resta distante e indifferente. Gli stessi  genitori del cieco sono vinti dalla paura del giudizio degli altri.<\/p>\n<ul>\n<li><a href=\"http:\/\/www.vatican.va\/holy_father\/benedict_xvi\/angelus\/2011\/documents\/hf_ben-xvi_ang_20110403_it.html\">Leggi tutto il messaggio<\/a> <em>\u00a9 Copyright 2011 &#8211; Libreria  Editrice Vaticana<\/em><\/li>\n<\/ul>\n<\/blockquote>\n<div class=\"powerpressbox\">[powerpress] <\/p>\n<\/div>\n<p style=\"text-align: justify;\"><strong>Fonte<\/strong>: Radio Vaticana via FeedRss (+ gloria.tv)<\/p>\n<blockquote>\n<p style=\"text-align: justify;\"><span style=\"font-size: xx-small;\"><em>(The content of this podcast is copyrighted by Vatican Radio which, according to  its statute, is entrusted to manage and protect the sound recordings of the  Roman Pontiff, ensuring that their pastoral character and intellectual  property&#8217;s rights are protected when used by third parties. The content of this  podcast is made available only for personal and private use and cannot be  exploited for commercial purposes, without prior written authorization by  Vatican Radio. For further information, please contact the International  Relation Office at relint@vatiradio.va)<\/em><\/span><\/p>\n<\/blockquote>\n","protected":false},"excerpt":{"rendered":"<p>Cari fratelli e sorelle! L\u2019itinerario quaresimale che stiamo vivendo \u00e8 un tempo particolare di grazia, durante il quale possiamo sperimentare il dono della benevolenza del Signore nei nostri confronti. La liturgia di questa domenica, denominata \u201cLaetare\u201d, invita a rallegrarci, a gioire, cos\u00ec come proclama l\u2019antifona d\u2019ingresso della celebrazione eucaristica: \u201cRallegrati, Gerusalemme, e voi tutti che&#8230;<\/p>\n","protected":false},"author":3,"featured_media":0,"comment_status":"closed","ping_status":"closed","sticky":false,"template":"","format":"standard","meta":{"_kad_post_transparent":"","_kad_post_title":"","_kad_post_layout":"","_kad_post_sidebar_id":"","_kad_post_content_style":"","_kad_post_vertical_padding":"","_kad_post_feature":"","_kad_post_feature_position":"","_kad_post_header":false,"_kad_post_footer":false,"_kad_post_classname":"","footnotes":""},"categories":[101,114],"tags":[73,9],"class_list":["post-232034","post","type-post","status-publish","format-standard","hentry","category-101","category-angelus","tag-benedetto-xvi","tag-vaticano"],"_links":{"self":[{"href":"https:\/\/archivio.cercoiltuovolto.it\/index.php?rest_route=\/wp\/v2\/posts\/232034","targetHints":{"allow":["GET"]}}],"collection":[{"href":"https:\/\/archivio.cercoiltuovolto.it\/index.php?rest_route=\/wp\/v2\/posts"}],"about":[{"href":"https:\/\/archivio.cercoiltuovolto.it\/index.php?rest_route=\/wp\/v2\/types\/post"}],"author":[{"embeddable":true,"href":"https:\/\/archivio.cercoiltuovolto.it\/index.php?rest_route=\/wp\/v2\/users\/3"}],"replies":[{"embeddable":true,"href":"https:\/\/archivio.cercoiltuovolto.it\/index.php?rest_route=%2Fwp%2Fv2%2Fcomments&post=232034"}],"version-history":[{"count":0,"href":"https:\/\/archivio.cercoiltuovolto.it\/index.php?rest_route=\/wp\/v2\/posts\/232034\/revisions"}],"wp:attachment":[{"href":"https:\/\/archivio.cercoiltuovolto.it\/index.php?rest_route=%2Fwp%2Fv2%2Fmedia&parent=232034"}],"wp:term":[{"taxonomy":"category","embeddable":true,"href":"https:\/\/archivio.cercoiltuovolto.it\/index.php?rest_route=%2Fwp%2Fv2%2Fcategories&post=232034"},{"taxonomy":"post_tag","embeddable":true,"href":"https:\/\/archivio.cercoiltuovolto.it\/index.php?rest_route=%2Fwp%2Fv2%2Ftags&post=232034"}],"curies":[{"name":"wp","href":"https:\/\/api.w.org\/{rel}","templated":true}]}}