{"id":232029,"date":"2011-04-04T06:07:35","date_gmt":"2011-04-04T06:07:35","guid":{"rendered":"https:\/\/archivio.cercoiltuovolto.it\/?p=232029"},"modified":"2011-04-04T06:07:35","modified_gmt":"2011-04-04T06:07:35","slug":"il-vangelo-di-marco-lemorroissa-e-giairo","status":"publish","type":"post","link":"https:\/\/archivio.cercoiltuovolto.it\/?p=232029","title":{"rendered":"Il Vangelo di Marco: l&#8217;Emorroissa e Gi\u00e0iro"},"content":{"rendered":"<blockquote>\n<h3 style=\"text-align: center;\"><a href=\"http:\/\/www.cercoiltuovolto.it\/wp-content\/uploads\/2011\/04\/emorroissa.jpg\"><img loading=\"lazy\" decoding=\"async\" class=\"aligncenter size-large wp-image-17895\" title=\"emorroissa\" src=\"http:\/\/www.cercoiltuovolto.it\/wp-content\/uploads\/2011\/04\/emorroissa-590x397.jpg\" alt=\"\" width=\"590\" height=\"397\" \/><\/a><\/h3>\n<h3>Vangelo secondo Marco &#8211; Capitolo 5<\/h3>\n<p><sup>21<\/sup>Essendo passato di nuovo Ges\u00f9 all&#8217;altra riva, gli si radun\u00f2 attorno molta folla, ed egli stava lungo il mare. <sup>22<\/sup>Si rec\u00f2 da lui uno dei capi della sinagoga, di nome Gi\u00e0iro, il quale, vedutolo, gli si gett\u00f2 ai piedi <sup>23<\/sup>e lo pregava con insistenza: &#8220;La mia figlioletta \u00e8 agli estremi; vieni a imporle le mani perch\u00e9 sia guarita e viva&#8221;. <sup>24<\/sup>Ges\u00f9 and\u00f2 con lui. Molta folla lo seguiva e gli si stringeva intorno.<\/p>\n<p><sup>25<\/sup>Or una donna, che da dodici anni era affetta da emorragia <sup>26<\/sup>e aveva molto sofferto per opera di molti medici, spendendo tutti i suoi averi senza nessun vantaggio, anzi peggiorando, <sup>27<\/sup>udito parlare di Ges\u00f9, venne tra la folla, alle sue spalle, e gli tocc\u00f2 il mantello. Diceva infatti: <sup>28<\/sup>&#8220;Se riuscir\u00f2 anche solo a toccare il suo mantello, sar\u00f2 guarita&#8221;. <sup>29<\/sup>E subito le si ferm\u00f2 il flusso di sangue, e sent\u00ec nel suo corpo che era stata guarita da quel male.<\/p>\n<p><sup>30<\/sup>Ma subito Ges\u00f9, avvertita la potenza che era uscita da lui, si volt\u00f2 alla folla dicendo: &#8220;Chi mi ha toccato il mantello?&#8221;. <sup>31<\/sup>I discepoli gli dissero: &#8220;Tu vedi la folla che ti si stringe attorno e dici: Chi mi ha toccato?&#8221;. <sup>32<\/sup>Egli intanto guardava intorno, per vedere colei che aveva fatto questo. <sup>33<\/sup>E la donna impaurita e tremante, sapendo ci\u00f2 che le era accaduto, venne, gli si gett\u00f2 davanti e gli disse tutta la verit\u00e0. <sup>34<\/sup>Ges\u00f9 rispose: &#8220;Figlia, la tua fede ti ha salvata. Va&#8217; in pace e sii guarita dal tuo male&#8221;.<\/p>\n<\/blockquote>\n<p>Esercizi spirituali in mp3 &#8211; s. Carlo in Gorgonzola 2011<\/p>\n<p><a href=\"http:\/\/www.parolebuone.it\/podcast\/Audio\/11%2003%2016%20-%20EESS%20-%20mercoled%C3%AC.mp3\">mercoled\u00ec 16 marzo<\/a><\/p>\n<p><a href=\"http:\/\/www.parolebuone.it\/podcast\/Audio\/11%2003%2017%20-%20EESS%20-%20gioved%C3%AC.mp3\">gioved\u00ec 17 marzo<\/a><\/p>\n<p><a href=\"http:\/\/www.parolebuone.it\/podcast\/Audio\/11%2003%2018%20-%20EESS%20-%20venerd%C3%AC.mp3\">venerd\u00ec 18 marzo<\/a><\/p>\n<p class=\"link\"><a href=\"http:\/\/www.parolebuone.it\/podcast.htm\"><span>Fonte: Parole Buone<\/span><\/a><\/p>\n","protected":false},"excerpt":{"rendered":"<p>Vangelo secondo Marco &#8211; Capitolo 5 21Essendo passato di nuovo Ges\u00f9 all&#8217;altra riva, gli si radun\u00f2 attorno molta folla, ed egli stava lungo il mare. 22Si rec\u00f2 da lui uno dei capi della sinagoga, di nome Gi\u00e0iro, il quale, vedutolo, gli si gett\u00f2 ai piedi 23e lo pregava con insistenza: &#8220;La mia figlioletta \u00e8 agli&#8230;<\/p>\n","protected":false},"author":3,"featured_media":0,"comment_status":"closed","ping_status":"closed","sticky":false,"template":"","format":"standard","meta":{"_kad_post_transparent":"","_kad_post_title":"","_kad_post_layout":"","_kad_post_sidebar_id":"","_kad_post_content_style":"","_kad_post_vertical_padding":"","_kad_post_feature":"","_kad_post_feature_position":"","_kad_post_header":false,"_kad_post_footer":false,"_kad_post_classname":"","footnotes":""},"categories":[101,118],"tags":[380,117,42],"class_list":["post-232029","post","type-post","status-publish","format-standard","hentry","category-101","category-diocesi","tag-in-evidenza","tag-incontri","tag-lettura-del-vangelo"],"_links":{"self":[{"href":"https:\/\/archivio.cercoiltuovolto.it\/index.php?rest_route=\/wp\/v2\/posts\/232029","targetHints":{"allow":["GET"]}}],"collection":[{"href":"https:\/\/archivio.cercoiltuovolto.it\/index.php?rest_route=\/wp\/v2\/posts"}],"about":[{"href":"https:\/\/archivio.cercoiltuovolto.it\/index.php?rest_route=\/wp\/v2\/types\/post"}],"author":[{"embeddable":true,"href":"https:\/\/archivio.cercoiltuovolto.it\/index.php?rest_route=\/wp\/v2\/users\/3"}],"replies":[{"embeddable":true,"href":"https:\/\/archivio.cercoiltuovolto.it\/index.php?rest_route=%2Fwp%2Fv2%2Fcomments&post=232029"}],"version-history":[{"count":0,"href":"https:\/\/archivio.cercoiltuovolto.it\/index.php?rest_route=\/wp\/v2\/posts\/232029\/revisions"}],"wp:attachment":[{"href":"https:\/\/archivio.cercoiltuovolto.it\/index.php?rest_route=%2Fwp%2Fv2%2Fmedia&parent=232029"}],"wp:term":[{"taxonomy":"category","embeddable":true,"href":"https:\/\/archivio.cercoiltuovolto.it\/index.php?rest_route=%2Fwp%2Fv2%2Fcategories&post=232029"},{"taxonomy":"post_tag","embeddable":true,"href":"https:\/\/archivio.cercoiltuovolto.it\/index.php?rest_route=%2Fwp%2Fv2%2Ftags&post=232029"}],"curies":[{"name":"wp","href":"https:\/\/api.w.org\/{rel}","templated":true}]}}