{"id":232019,"date":"2011-04-01T20:53:57","date_gmt":"2011-04-01T20:53:57","guid":{"rendered":"https:\/\/archivio.cercoiltuovolto.it\/?p=232019"},"modified":"2011-04-01T20:53:57","modified_gmt":"2011-04-01T20:53:57","slug":"commento-al-vangelo-del-3-aprile-2011-don-mauro-pozzi","status":"publish","type":"post","link":"https:\/\/archivio.cercoiltuovolto.it\/?p=232019","title":{"rendered":"Commento al Vangelo del 3 aprile 2011 &#8211; don Mauro Pozzi"},"content":{"rendered":"<p style=\"text-align: justify;\">Il commento al Vangelo della domenica a cura di don Mauro Pozzi parroco della Parrocchia S. Giovanni Battista, Novara.<\/p>\n<blockquote>\n<p>GUARDARE E VEDERE<\/p>\n<p style=\"text-align: justify;\">Il fatto che nel mondo esistano persone pi\u00f9 fortunate di altre \u00e8 un mistero. Noi viviamo in una societ\u00e0 ricca, abbiamo scuole, ospedali, previdenza sociale ecc., ma molte popolazioni del mondo non hanno nemmeno il necessario per vivere. Cosa abbiamo fatto per meritarlo? Non si pu\u00f2 rispondere. I discepoli vorrebbero giudicare la sfortuna del cieco e metterla in relazione con le colpe della sua famiglia, ma Ges\u00f9 dice che la menomazione di quell\u2019uomo \u00e8 parte del piano divino. Un piano cui noi non abbiamo accesso. Non spetta a noi giudicare, piuttosto dobbiamo aver fiducia nella Provvidenza. Il Maestro decide di guarirlo. Ha appena detto di essere la luce del mondo e subito compie un gesto che conferma le sue parole. Impasta del fango con la saliva, lo spalma sugli occhi dell\u2019uomo e lo manda alla piscina. Il fango ricorda la creazione, l\u2019acqua il battesimo. L\u2019uomo \u00e8 solo argilla e le sue capacit\u00e0 sono menomate se non c\u2019\u00e8 in lui il soffio dello Spirito, la purificazione che viene da Dio. La vera luce che permette di vedere \u00e8 la fede che \u00e8 un dono. Il miracolo \u00e8 compiuto di sabato, quando la legge prescrive di non lavorare, ma Ges\u00f9 ha fatto del fango usandolo come medicazione e quindi ha violato il sabato. Inizia allora il confronto tra chi si dice vedente e chi non dovrebbe vedere. I farisei guardano il miracolo, ma non vedono la mano di Dio. Ci\u00f2 che impedisce loro di capire \u00e8 la pretesa di giudicare sulla base della legge e non dello Spirito. Lo Spirito infatti soffia dove vuole e non sono i limiti delle cose umane che lo possono fermare. Questo vale anche per noi. Dio non \u00e8 di propriet\u00e0 della chiesa cattolica, ma parla al cuore di ogni uomo del pianeta e pu\u00f2 fare miracoli anche senza di noi. Il Figlio dell\u2019uomo \u00e8 padrone del sabato, ci\u00f2 significa che il Padre \u00e8 il sovrano e noi dobbiamo ubbidire e non pretendere di comandare. I veri ciechi sono allora i farisei, il cui peccato rimane, perch\u00e9 credono di vedere. Ci sono poi i genitori dell\u2019uomo che possono apprezzare pi\u00f9 di tutti il segno compiuto da Ges\u00f9, ma non vogliono riconoscerlo, perch\u00e9 hanno paura. Essi rappresentano i cristiani che si nascondono e non hanno il coraggio di prendere posizione. Alla fine il cieco \u00e8 l\u2019unico che vede. Affronta apertamente i farisei e riconosce Ges\u00f9. Nonostante sia un uomo semplice li mette con le spalle al muro. Vede perch\u00e9 ha la luce della fede. Tutto questo pu\u00f2 servirci come un esame di coscienza. Quante volte guardiamo senza vedere, senza saper riconoscere la presenza di Ges\u00f9 nella nostra vita, e quanto spesso pretendiamo di giudicare il suo operato!<\/p>\n<\/blockquote>\n<p class=\"link\"><a href=\"http:\/\/www.youtube.com\/watch?v=LsdpYrgIJ5A\"> Link al video<\/a><\/p>\n","protected":false},"excerpt":{"rendered":"<p>Il commento al Vangelo della domenica a cura di don Mauro Pozzi parroco della Parrocchia S. Giovanni Battista, Novara.<\/p>\n","protected":false},"author":3,"featured_media":0,"comment_status":"closed","ping_status":"closed","sticky":false,"template":"","format":"standard","meta":{"_kad_post_transparent":"","_kad_post_title":"","_kad_post_layout":"","_kad_post_sidebar_id":"","_kad_post_content_style":"","_kad_post_vertical_padding":"","_kad_post_feature":"","_kad_post_feature_position":"","_kad_post_header":false,"_kad_post_footer":false,"_kad_post_classname":"","footnotes":""},"categories":[101,147],"tags":[388,174,172],"class_list":["post-232019","post","type-post","status-publish","format-standard","hentry","category-101","category-commento-al-vangelo","tag-don-mauro-pozzi","tag-quaresima","tag-vangelo-della-domenica"],"_links":{"self":[{"href":"https:\/\/archivio.cercoiltuovolto.it\/index.php?rest_route=\/wp\/v2\/posts\/232019","targetHints":{"allow":["GET"]}}],"collection":[{"href":"https:\/\/archivio.cercoiltuovolto.it\/index.php?rest_route=\/wp\/v2\/posts"}],"about":[{"href":"https:\/\/archivio.cercoiltuovolto.it\/index.php?rest_route=\/wp\/v2\/types\/post"}],"author":[{"embeddable":true,"href":"https:\/\/archivio.cercoiltuovolto.it\/index.php?rest_route=\/wp\/v2\/users\/3"}],"replies":[{"embeddable":true,"href":"https:\/\/archivio.cercoiltuovolto.it\/index.php?rest_route=%2Fwp%2Fv2%2Fcomments&post=232019"}],"version-history":[{"count":0,"href":"https:\/\/archivio.cercoiltuovolto.it\/index.php?rest_route=\/wp\/v2\/posts\/232019\/revisions"}],"wp:attachment":[{"href":"https:\/\/archivio.cercoiltuovolto.it\/index.php?rest_route=%2Fwp%2Fv2%2Fmedia&parent=232019"}],"wp:term":[{"taxonomy":"category","embeddable":true,"href":"https:\/\/archivio.cercoiltuovolto.it\/index.php?rest_route=%2Fwp%2Fv2%2Fcategories&post=232019"},{"taxonomy":"post_tag","embeddable":true,"href":"https:\/\/archivio.cercoiltuovolto.it\/index.php?rest_route=%2Fwp%2Fv2%2Ftags&post=232019"}],"curies":[{"name":"wp","href":"https:\/\/api.w.org\/{rel}","templated":true}]}}