{"id":232006,"date":"2011-03-31T06:00:28","date_gmt":"2011-03-31T06:00:28","guid":{"rendered":"https:\/\/archivio.cercoiltuovolto.it\/?p=232006"},"modified":"2011-03-31T06:00:28","modified_gmt":"2011-03-31T06:00:28","slug":"commento-al-vangelo-domenica-3-aprile-2011-bellanotizia","status":"publish","type":"post","link":"https:\/\/archivio.cercoiltuovolto.it\/?p=232006","title":{"rendered":"Commento al Vangelo &#8211; Domenica 3 aprile 2011 &#8211; Bellanotizia"},"content":{"rendered":"<p style=\"text-align: center;\">\n<p style=\"text-align: justify;\">Questa \u00e8 una rielaborazione <strong>audio\/video<\/strong> sulle letture della Messa di:<strong><em> DOMENICA 3 aprile 2011 &#8211; IV DOMENICA DI QUARESIMA <\/em><\/strong>(Anno A) a cura di <a href=\"http:\/\/www.bellanotizia.it\" target=\"_blank\">Antonio Di Lieto<\/a>.<\/p>\n<p style=\"text-align: justify;\">Il titolo della Messa, che unifica tutte le letture, secondo l&#8217;autore \u00e8: <strong>Io ti faccio vedere!<\/strong><\/p>\n<p class=\"link\" style=\"text-align: justify;\"><a href=\"http:\/\/www.youtube.com\/watch?v=PtsPCWrhA4A\">Link al video<\/a><strong><br \/> <\/strong><\/p>\n<div class=\"powerpressbox\">[powerpress]<\/div>\n<h2>Commento alle Letture<\/h2>\n<blockquote>\n<p><span style=\"text-decoration: underline;\">PRIMA LETTURA (dal primo libro di Samu\u00e8le 16,1b.4.6-7.10-13)<\/span><\/p>\n<p>Questa lettura \u00e8 Parola  di Dio. Quindi \u00e8 Dio che ci parla e ci dice: &#8211; Un giorno Io dissi al  profeta Samu\u00e8le: &#8220;Prendi con te l\u2019olio santo e parti: ed Io TI FARO\u2019  VEDERE chi dovrai ungere come nuovo re d\u2019Israele. Devi andare a  Betlemme, nella casa di un pastore di nome I\u00e8sse: perch\u00e9 ho scelto  proprio uno dei suoi figli, un pastore, come re!\u201d. Samuele obbed\u00ec: ed  and\u00f2 a Betlemme nella casa di I\u00e8sse. Appena entrato subito not\u00f2 uno dei  suoi figli, di nome Eliab, e pens\u00f2: \u201cE\u2019 alto e muscoloso: sicuramente  sar\u00e0 lui!\u201d. Ma Io dissi al profeta (quello che dico anche a te): \u201cNon  lasciarti ingannare dall\u2019aspetto fisico. Guarda al di l\u00e0 delle  apparenze, perch\u00e9 Io nell\u2019uomo non VEDO l&#8217;esteriorit\u00e0: ma il cuore!\u201d.  Allora Iesse present\u00f2 al profeta Samuele gli altri suoi figli. Ma Io gli  dissi: \u201cNo, Io non ho scelto nessuno di questi!\u201d.<\/p>\n<p>Alla fine il profeta  Samuele chiese a I\u00e8sse: \u201dSono tutti qui i tuoi figli: o ne manca  qualcuno?\u201d. I\u00e8sse rispose: \u201cManca solo il pi\u00f9 piccolo, Davide: che \u00e8 nei  campi a pascolare il gregge!\u201d. Il profeta Samuele disse: \u201cFallo venire:  perch\u00e9 io non posso mettermi a tavola, se prima non l\u2019ho conosciuto\u201d.  Il padre lo mand\u00f2 subito a chiamare: e Davide venne. Era basso di  statura, ma aveva un aspetto molto gradevole: capelli rossi ed occhi  belli, dai quali traspariva un grande cuore. Io allora dissi al profeta  Samuele: \u201cEccolo, \u00e8 lui il pastore che ho scelto come re del mio popolo:  consacralo subito!\u201d. Samu\u00e8le allora prese l\u2019olio santo ed unse re  Davide: davanti ai suoi fratelli. E da quel momento il Mio Spirito, fece  irruzione dentro di lui!\u201d. <br \/> <span style=\"text-decoration: underline;\">SALMO RESPONSORIALE (Salmo 22,2-6)<\/span><br \/> Questo salmo\u00e8 stato scritto dal re Davide, ma \u00e8 anche  Parola di Dio. Quindi \u00e8 Dio che ti parla e &#8211; per bocca di Davide (il  pastore diventato re) &#8211; ti dice: \u201dIo sono il tuo Pastore: e tu la Mia  pecorella. Io non ti faccio mancare niente: ti faccio sdraiare sull\u2019erba  fresca, ti porto a bere dove il fiume \u00e8 tranquillo, ti d\u00f2 coraggio  quando sei impaurito. Ti guido per il sentiero giusto: senza mai  abbandonarti. Anche se dovessi perderti nel bosco, Io sono con te:  quindi non avere paura. Anche se ti ritrovassi in una valle buia, Io sto  al tuo fianco e TI FACCIO VEDERE: il Mio bastone ti guida e ti d\u00e0  sicurezza. Io ti nutro e ti sazio: sotto gli occhi dei lupi che  vorrebbero sbranarti. Io ti lavo e ti profumo: riempiendo il tuo  bicchiere fino all\u2019orlo. S\u00ec, la Mia bont\u00e0 ed il Mio amore ti saranno  sempre vicini: per questo non smettere mai di venire nella Mia casa, per  tutti i giorni della tua vita!\u201d.<\/p>\n<p><span style=\"text-decoration: underline;\">SECONDA LETTURA (dalla lettera di Paolo ai cristiani di \u00c8feso 5,8-14)<\/span><br \/> Questa lettera \u00e8 Parola di Dio. Quindi \u00e8 Dio che ci  parla e &#8211; per bocca di Paolo &#8211; ci dice:              \u201cAma gli altri come  fratelli. E ricorda che anche se un tempo eri \u201cbuio\u201d, ora sei \u201cluce\u201d:  perch\u00e9 Io ti ho illuminato. Vivi quindi da vero figlio della luce: con  giustizia, verit\u00e0 e bont\u00e0. Perch\u00e9 sono questi, i frutti della luce.  Cerca sempre di capire cosa piace a Me: e fallo. Non partecipare alle  azioni che si compiono al buio: perch\u00e9 esse non portano a nessun frutto  buono. Anzi, condannale apertamente. Le cose che si fanno di nascosto  infatti, rendono la vita buia: tanto che si prova vergogna anche solo a  raccontarle. Le cose che invece si fanno apertamente, alla luce del  sole, illuminano la vita. Per questo si dice: \u00abTu che dormi, svegliati  dal buio. Risorgi dalla morte: e Cristo ti illuminer\u00e0\u00bb. TI FAR\u00c0 VEDERE  la luce !\u201d.<br \/> <span style=\"text-decoration: underline;\">VANGELO (Giovanni 9,1-41)<\/span><\/p>\n<p>Questo vangelo \u00e8 Parola  di Dio. Quindi \u00e8 Ges\u00f9 che ci parla e ci dice: \u201cUn giorno passando, vidi  un uomo cieco fin dalla nascita. I Miei discepoli mi chiesero:  \u201cMaestro, se quest\u2019uomo \u00e8 nato cieco, quale peccato deve scontare? Forse  quello dei suoi genitori?\u201d. Io risposi: \u201cNon deve scontare nessun  peccato, n\u00e9 suo n\u00e8 dei suoi genitori: \u00e8 cieco affinch\u00e9 si possano  manifestare in lui le meravigliose opere di Dio. Noi infatti dobbiamo  sempre compiere le opere di Dio, finch\u00e8 abbiamo la Sua luce: perch\u00e9  quando poi viene il buio, non potremo pi\u00f9 compierle. Ora vi far\u00f2 VEDERE  perch\u00e9 sono venuto sulla terra: per illuminarla con la Mia luce!\u201d. Detto  questo, mescolai un p\u00f2 della mia saliva con della terra: facendo del  fango. Lo spalmai sugli occhi del cieco e gli dissi: \u201cV\u00e0 a lavarti nella  piscina sacra di S\u00ecloe!\u201d (\u201cS\u00ecloe\u201d significa \u201cInviato del Signore\u201d).  Quello and\u00f2, si lav\u00f2: e torn\u00f2 che CI VEDEVA.<\/p>\n<p>Quell\u2019uomo faceva il  mendicante, molti allora vedendolo guarito dicevano: \u201cMa non \u00e8 lui quel  cieco che stava sempre seduto a chiedere l\u2019elemosina?\u201d. Alcuni  rispondevano: \u201cS\u00ec, \u00e8 lui\u201d. Altri invece dicevano: \u201cNo, non \u00e8 possibile:  sar\u00e0 uno che gli assomiglia!\u201d. Ma lui affermava: \u201cNo, no: sono proprio  io!\u201d. Quelli allora gli chiedevano: \u201cMa come hai fatto a riacquistare la  vista?\u201d. E lui diceva: \u201cUn certo Ges\u00f9 ha fatto del fango, me lo ha  spalmato sugli occhi e mi ha detto: \u00abVa alla piscina sacra di S\u00ecloe: e  lavati!\u00bb. Io sono andato, mi sono lavato: e sono tornato che CI  VEDEVO!\u201d. Quelli allora gli dicevano: \u201cMa questo Ges\u00f9, ora dov\u2019\u00e8?\u201d. E  lui: \u201cNon lo so&#8221;.<\/p>\n<p>Questa guarigione era  avvenuta di sabato: il giorno in cui &#8211; secondo la legge religiosa  dell\u2019epoca &#8211; ogni attivit\u00e0 era considerata peccato grave. Per verificare  allora se &#8211; guarendo un malato di sabato &#8211; realmente avessi commesso  una cos\u00ec grave violazione, i farisei convocarono il cieco per chiedergli  come avesse riacquistato la vista. E lui raccont\u00f2: \u201cGes\u00f9 mi ha messo  del fango sugli occhi, mi sono lavato: ed ora CI VEDO!\u201d.<\/p>\n<p>Alcuni faris\u00e8i allora  dicevano: &#8220;Avete visto? Questo Ges\u00f9 \u00e8 un peccatore: perch\u00e8 ha  trasgredito la legge del sabato!&#8221;. Ma altri farisei obiettavano: &#8220;E come  pu\u00f2 un peccatore, ridare la vista ad un uomo che era cieco fin dalla  nascita?&#8221;. Insomma tra loro c\u2019era dissenso: non riuscivano a VEDERE la  verit\u00e0. Chiesero allora al cieco: \u201cE tu che ne dici? Ges\u00f9 \u00e8 un peccatore  o un profeta?\u201d. E lui afferm\u00f2 con coraggio: \u201cNon ho dubbi: \u00e8 un  profeta!\u201d.<\/p>\n<p>I giud\u00e8i allora  cominciarono a pensare, che quell\u2019uomo forse non era cieco dalla  nascita. Convocarono allora i suoi genitori e chiesero loro: \u201cQuesto \u00e8  vostro figlio? Veramente \u00e8 nato cieco? E se \u00e8 cos\u00ec, come mai ora ci  vede?\u201d. Quelli risposero: \u201cNoi sappiamo solo che questo \u00e8 nostro figlio e  che veramente \u00e8 nato cieco: ma come mai ora ci vede, non lo sappiamo.  Non sappiamo chi \u00e8 stato a guarirlo: nostro figlio \u00e8 grande, chiedetelo a  lui!\u201d. Dissero cos\u00ec, perch\u00e9 avevano paura dei giud\u00e8i: questi ultimi  infatti avevano stabilito che se qualcuno avesse riconosciuto Me come il  Cristo, sarebbe stato espulso dalla sinagoga. Per questo i genitori del  cieco dissero: \u201cNon sappiamo chi \u00e8 stato a guarirlo: \u00e8 grande,  chiedetelo a lui!\u201d. <br \/> Quindi chiamarono il cieco e gli chiesero di nuovo:  \u201cDevi dire la verit\u00e0 di fronte a Dio: perch\u00e9 noi lo sappiamo che Ges\u00f9 \u00e8  un peccatore!\u201d. Quello rispose: \u201cSe sia un peccatore non lo so. Una cosa  per\u00f2 la so e come: ero cieco ed ora CI VEDO!\u201d. Ma quelli insistevano  dicendo: \u201cConfessa! Dicci come ha fatto ad aprirti gli occhi!\u201d. E  quello: \u201cMa io ve l\u2019ho gi\u00e0 detto: perch\u00e9 volete che ve lo racconti di  nuovo? Forse volete diventare anche voi suoi discepoli?\u201d. Quelli allora  insultandolo risposero: \u201cSuo discepolo sarai tu! Noi siamo discepoli  solo di Mos\u00e8! Che Dio ha parlato a Mos\u00e8 infatti, ne siamo certi: ma se  questo Ges\u00f9 \u00e8 stato mandato da Dio, non lo sappiamo!\u201d.<\/p>\n<p>Il cieco allora  osserv\u00f2: \u201cScusate, ma c&#8217;\u00e8 una cosa che io non capisco: voi dite di non  sapere se \u00e8 stato mandato da Dio, ma intanto io ora CI VEDO. Ora, voi  m\u2019insegnate che Dio non ascolta i peccatori: ma solo quelli che Lo amano  e fanno la Sua volont\u00e0. E da che mondo \u00e8 mondo non si \u00e8 mai sentito  dire che qualcuno, sia riuscito ad aprire gli occhi ad un uomo cieco fin  dalla nascita. Io credo che se Ges\u00f9 non fosse stato mandato da Dio, non  sarebbe mai riuscito a fare una cosa del genere!\u201d. Quelli allora  arrabbiati gli dissero: \u201cProprio tu che sei pieno di peccati fin dalla  nascita, vuoi insegnare a noi le cose di Dio?\u201d. E lo cacciarono fuori,  in malo modo.<\/p>\n<p>Io venni a sapere che  lo avevano cacciato fuori, allora andai da lui e consolandolo gli dissi:  \u201cTu credi nel Figlio di Dio?\u201d. Quello rispose: \u201cFammelo VEDERE Signore:  ed io creder\u00f2 in Lui!\u201d. Gli dissi: \u201cLo stai gi\u00e0 VEDENDO: sono io che  parlo qui con te!\u201d. E quello disse: \u201cCredo in Te, Signore!\u201d. E si  inginocchi\u00f2 davanti a Me: adorandomi.<\/p>\n<p>Dissi allora: \u201cIo  sono venuto in questo mondo per metterlo di fronte alla verit\u00e0. Molti  ciechi la VEDRANNO: molti di quelli che hanno gli occhi invece, non la  VEDRANNO e si comporteranno da ciechi!\u201d. Alcuni faris\u00e8i mi sentirono ed  esclamarono indignati: \u201cVorresti dire che noi siamo ciechi?\u201d. Io allora  conclusi: \u201cSe foste ciechi, non avreste alcuna colpa. Ma siccome dite  presuntuosamente: \u00abNoi s\u00ec che VEDIAMO!\u00bb, allora siete veramente ciechi:  perch\u00e9 non volete VEDERE !\u201d-.<\/p><\/blockquote>\n<blockquote>\n<p><span class=\"morebis\"> <\/span><strong>Sul sito<\/strong> <a href=\"http:\/\/www.bellanotizia.it\/\" target=\"_blank\">http:\/\/www.bellanotizia.it<\/a> puoi scaricare tante altre &#8220;bellenotizie&#8221;, anche in forma di registrazione-audio e presentazione-video, oltre a diversi miei articoli, scritti, corrispondenze-mail ed ipotesi innovative.<\/p>\n<p style=\"text-align: justify;\"><strong>Note<\/strong>: L&#8217;autore precisa che, anche se la lettura di queste bellenotizie aiuta a comprendere la prima parte della Messa (Liturgia della Parola), non potr\u00e0 mai sostituire la seconda parte (Liturgia eucaristica), in cui ci viene data la possibilit\u00e0 di &#8220;abbracciare&#8221; veramente il Corpo di Cristo.<\/p>\n<\/blockquote>\n","protected":false},"excerpt":{"rendered":"<p>Questa \u00e8 una rielaborazione audio\/video sulle letture della Messa di: DOMENICA 3 aprile 2011 &#8211; IV DOMENICA DI QUARESIMA (Anno A) a cura di Antonio Di Lieto.<\/p>\n<p>Il titolo della Messa, che unifica tutte le letture, secondo l&#8217;autore \u00e8: Io ti faccio vedere!<\/p>\n","protected":false},"author":3,"featured_media":0,"comment_status":"closed","ping_status":"closed","sticky":false,"template":"","format":"standard","meta":{"_kad_post_transparent":"","_kad_post_title":"","_kad_post_layout":"","_kad_post_sidebar_id":"","_kad_post_content_style":"","_kad_post_vertical_padding":"","_kad_post_feature":"","_kad_post_feature_position":"","_kad_post_header":false,"_kad_post_footer":false,"_kad_post_classname":"","footnotes":""},"categories":[101,232],"tags":[5,174,172],"class_list":["post-232006","post","type-post","status-publish","format-standard","hentry","category-101","category-bella-notizia","tag-commento-al-vangelo","tag-quaresima","tag-vangelo-della-domenica"],"_links":{"self":[{"href":"https:\/\/archivio.cercoiltuovolto.it\/index.php?rest_route=\/wp\/v2\/posts\/232006","targetHints":{"allow":["GET"]}}],"collection":[{"href":"https:\/\/archivio.cercoiltuovolto.it\/index.php?rest_route=\/wp\/v2\/posts"}],"about":[{"href":"https:\/\/archivio.cercoiltuovolto.it\/index.php?rest_route=\/wp\/v2\/types\/post"}],"author":[{"embeddable":true,"href":"https:\/\/archivio.cercoiltuovolto.it\/index.php?rest_route=\/wp\/v2\/users\/3"}],"replies":[{"embeddable":true,"href":"https:\/\/archivio.cercoiltuovolto.it\/index.php?rest_route=%2Fwp%2Fv2%2Fcomments&post=232006"}],"version-history":[{"count":0,"href":"https:\/\/archivio.cercoiltuovolto.it\/index.php?rest_route=\/wp\/v2\/posts\/232006\/revisions"}],"wp:attachment":[{"href":"https:\/\/archivio.cercoiltuovolto.it\/index.php?rest_route=%2Fwp%2Fv2%2Fmedia&parent=232006"}],"wp:term":[{"taxonomy":"category","embeddable":true,"href":"https:\/\/archivio.cercoiltuovolto.it\/index.php?rest_route=%2Fwp%2Fv2%2Fcategories&post=232006"},{"taxonomy":"post_tag","embeddable":true,"href":"https:\/\/archivio.cercoiltuovolto.it\/index.php?rest_route=%2Fwp%2Fv2%2Ftags&post=232006"}],"curies":[{"name":"wp","href":"https:\/\/api.w.org\/{rel}","templated":true}]}}