{"id":231991,"date":"2011-03-28T19:40:00","date_gmt":"2011-03-28T19:40:00","guid":{"rendered":"https:\/\/archivio.cercoiltuovolto.it\/?p=231991"},"modified":"2011-03-28T19:40:00","modified_gmt":"2011-03-28T19:40:00","slug":"commento-al-vangelo-del-3-aprile-2011-paolo-curtaz","status":"publish","type":"post","link":"https:\/\/archivio.cercoiltuovolto.it\/?p=231991","title":{"rendered":"Commento al Vangelo del 3 aprile 2011 \u2013 Paolo Curtaz"},"content":{"rendered":"<h1 style=\"text-align: center;\"><\/h1>\n<h2>Quarta domenica di Quaresima<\/h2>\n<p>1 Sam 16,-13\/ Ef 5,8-14\/Gv 9,1-41<\/p>\n<h1>Illuminazioni<\/h1>\n<p><strong> <\/strong><\/p>\n<p>La sete infinita di infinito della Sposa samaritana, ora, \u00e8 colma, sazia.<\/p>\n<p>Non ha pi\u00f9 vergogna della sua fragilit\u00e0 affettiva, della sua vita disordinata, degli inganni dati e ricevuti pur di avere una goccia d\u2019acqua.<\/p>\n<p>Stagnante.<\/p>\n<p>Ora ha incontrato la sorgente. Ora lei stessa \u00e8 divenuta sorgente che zampilla per le persone che, prima, non voleva incontrare. Non ci sono ostacoli, ruoli, peccati che la possano tenere lontana dallo Sposo che, stanco, l\u2019ha cercata per amarla.<\/p>\n<p>La sua \u00e8 una vita passata a nascondersi, per timore di essere giudicata.<\/p>\n<p>Lei \u00e8 una peccatrice che diviene discepola e testimone.<\/p>\n<p>Come il cieco nato.<\/p>\n<p>Che storia.<\/p>\n<p class=\"link\" style=\"text-align: left;\"><a href=\"http:\/\/www.youtube.com\/watch?v=xy2hdt0iOfg\">Link al video<\/a><\/p>\n<p class=\"podcast\" style=\"text-align: left;\">[download id=&#8221;136&#8243;]<\/p>\n<p><strong>Dio ci vede<\/strong><\/p>\n<p>\u00c8 Ges\u00f9 che, passando, vede il cieco nato.<\/p>\n<p>Non grida, il poveretto, non chiede, forse neppure sa chi sia il Nazareno. La sua \u00e8 una vita fatta di ombre, di fantasmi. Non ha mai visto la luce, come desiderarla? Perch\u00e9?<\/p>\n<p>E Dio lo vede, vede il suo dolore, il suo bisogno, la sua pena, la sua vergogna.<\/p>\n<p>Vergogna, certo, perch\u00e9 \u00e8 un innocente che paga i peccati de genitori. Anzi, forse ha gi\u00e0 commesso peccato nel grembo della madre, come sostenevano alcuni rabbini. \u00c8 Dio che la punito, perch\u00e9 chiedere qualcosa a questo Dio terrificante? Cos\u00ec tutti pensano.<\/p>\n<p>E invece.<\/p>\n<p>Un po\u2019 di fango sugli occhi, e l\u2019uomo torna a vedere.<\/p>\n<p>Ges\u00f9, intanto, se n\u2019\u00e8 andato, non vuole applausi, vuole solo dimostrare che Dio non \u00e8 quel bastardo che a volte gli uomini (religiosi) dicono che sia.<\/p>\n<p><strong>Il cammino di illuminazione<\/strong><\/p>\n<p>Inizia un feroce dibattito: chi lo ha guarito? Perch\u00e9? E perch\u00e9 di sabato?<\/p>\n<p>Molti sono i personaggi coinvolti: la folla, i farisei, i suoi genitori, i discepoli\u2026<\/p>\n<p>Ma lui solo \u00e8 il protagonista, il cieco che recupera prima la vista, poi l\u2019onore, poi la fede.<\/p>\n<p>Prima descrive Ges\u00f9 come un uomo, poi come un Profeta, poi lo proclama Figlio di Dio. La fede \u00e8 una progressiva illuminazione, passo dopo passo, ci mettiamo degli anni per riuscire a proclamare che Ges\u00f9 \u00e8 il Signore.<\/p>\n<p>E anche la sua forza cresce: il suo senso di colpa svanisce, acquista coraggio. Interrogato, risponde, quando viene inquisito dai devoti, sa cosa dire. Infine \u00e8 ironico, controbatte, argomenta. Come pu\u00f2 un peccatore guarire un cieco nato? E osa: volete farvi discepoli anche voi? Non ha timore, nemmeno dei suoi genitori, pavidi, divorati dal giudizio degli altri, che si rifiutano di schierarsi, intimoriti dalla tragica logica comune.<\/p>\n<p>\u00c8 libero, il cieco. Ci vede, ci vede benissimo, con gli occhi e col cuore.<\/p>\n<p><strong>La tenebra<\/strong><\/p>\n<p>Chi crede di vedere, invece, cade nella tenebra pi\u00f9 fitta.<\/p>\n<p>Credono di sapere, i devoti, credono di sapere tutto. Non si mettono in discussione, come il cieco che ammette di non sapere. Loro sanno ed \u00e8 il mondo, gentilmente, che si deve adeguare alle loro teorie. Prima dicono che il cieco mente, che non \u00e8 mai stato cieco, poi affermano che Ges\u00f9 \u00e8 un peccatore, infine, davanti all\u2019evidenza, perdono le staffe.<\/p>\n<p>L\u2019arroganza non ammette le ragioni degli altri, impone solo le proprie.<\/p>\n<p>Credono di vedere, e sono loro i ciechi.<\/p>\n<p>Accecati dalle loro false sicurezze, non si pongono dubbi. Sanno.<\/p>\n<p>L\u2019evangelista \u00e8 caustico, nel suo ragionare: chi \u00e8 il cieco del racconto?<\/p>\n<p><strong>Illuminazioni<\/strong><\/p>\n<p>\u00c8 un progressivo cammino verso la luce, la fede. Nessuna apparizione o folgorazione, fidatevi, ma un lento incedere della verit\u00e0 in chi le lascia spazio nel proprio cuore.<\/p>\n<p>Dio vede la nostra tenebra e desidera illuminare la nostra conoscenza, i nostri sensi.<\/p>\n<p>E pone una sola condizione: lasciarci mettere in dubbio, porci delle domande, indagare.<\/p>\n<p>Come il cieco che non sa, che si interroga, che argomenta.<\/p>\n<p>Il rischio, invece, \u00e8 di fare come i farisei che sono convinti di non avere nulla da sapere, nulla da capire. Sanno, e basta.<\/p>\n<p>Quanti arroganti vedo intorno a me!<\/p>\n<p>Nelle proprie convinzioni politiche, schierati a prescindere.<\/p>\n<p>Quanti arroganti nelle proprie convinzioni agnostiche e anticlericali, atei a prescindere, rabbiosi per principio (fatevi un giro sul web!), intolleranti nel nome di una mal intesa idea di tolleranza.<\/p>\n<p>Quanti arroganti fra noi cattolici, sempre armati, sulle difensive, santamente convinti di dover menare bastonate ai non credenti e, quel che \u00e8 peggio, ai credenti che dubitano, che si interrogano, proprio come il cieco. Cattolici che si sentono in dovere di difendere la Chiesa a prescindere, scordandosi che essa \u00e8 santa e peccatrice, sempre in riforma, cattolici che si arrogano il dovere di rilasciare patentini di cattolicit\u00e0.<\/p>\n<p>Lasciamo che il Signore ci restituisca la luce, lasciamo che la sua Parola ci conduca alla verit\u00e0 tutta intera.\u00a0 Le domande, gli interrogativi, ci aiutino a scoprire in lui il Signore risorto della nostra vita.<\/p>\n<p class=\"link\" style=\"text-align: justify;\"><a href=\"http:\/\/www.paolocurtaz.it\">www.paolocurtaz.it<\/a><\/p>\n","protected":false},"excerpt":{"rendered":"<p>Quarta domenica di Quaresima 1 Sam 16,-13\/ Ef 5,8-14\/Gv 9,1-41 Illuminazioni La sete infinita di infinito della Sposa samaritana, ora, \u00e8 colma, sazia. Non ha pi\u00f9 vergogna della sua fragilit\u00e0 affettiva, della sua vita disordinata, degli inganni dati e ricevuti pur di avere una goccia d\u2019acqua. Stagnante. Ora ha incontrato la sorgente. Ora lei stessa&#8230;<\/p>\n","protected":false},"author":3,"featured_media":0,"comment_status":"closed","ping_status":"closed","sticky":false,"template":"","format":"standard","meta":{"_kad_post_transparent":"","_kad_post_title":"","_kad_post_layout":"","_kad_post_sidebar_id":"","_kad_post_content_style":"","_kad_post_vertical_padding":"","_kad_post_feature":"","_kad_post_feature_position":"","_kad_post_header":false,"_kad_post_footer":false,"_kad_post_classname":"","footnotes":""},"categories":[101,147],"tags":[223,174,172],"class_list":["post-231991","post","type-post","status-publish","format-standard","hentry","category-101","category-commento-al-vangelo","tag-paolo-curtaz","tag-quaresima","tag-vangelo-della-domenica"],"_links":{"self":[{"href":"https:\/\/archivio.cercoiltuovolto.it\/index.php?rest_route=\/wp\/v2\/posts\/231991","targetHints":{"allow":["GET"]}}],"collection":[{"href":"https:\/\/archivio.cercoiltuovolto.it\/index.php?rest_route=\/wp\/v2\/posts"}],"about":[{"href":"https:\/\/archivio.cercoiltuovolto.it\/index.php?rest_route=\/wp\/v2\/types\/post"}],"author":[{"embeddable":true,"href":"https:\/\/archivio.cercoiltuovolto.it\/index.php?rest_route=\/wp\/v2\/users\/3"}],"replies":[{"embeddable":true,"href":"https:\/\/archivio.cercoiltuovolto.it\/index.php?rest_route=%2Fwp%2Fv2%2Fcomments&post=231991"}],"version-history":[{"count":0,"href":"https:\/\/archivio.cercoiltuovolto.it\/index.php?rest_route=\/wp\/v2\/posts\/231991\/revisions"}],"wp:attachment":[{"href":"https:\/\/archivio.cercoiltuovolto.it\/index.php?rest_route=%2Fwp%2Fv2%2Fmedia&parent=231991"}],"wp:term":[{"taxonomy":"category","embeddable":true,"href":"https:\/\/archivio.cercoiltuovolto.it\/index.php?rest_route=%2Fwp%2Fv2%2Fcategories&post=231991"},{"taxonomy":"post_tag","embeddable":true,"href":"https:\/\/archivio.cercoiltuovolto.it\/index.php?rest_route=%2Fwp%2Fv2%2Ftags&post=231991"}],"curies":[{"name":"wp","href":"https:\/\/api.w.org\/{rel}","templated":true}]}}