{"id":231990,"date":"2011-03-30T08:26:29","date_gmt":"2011-03-30T08:26:29","guid":{"rendered":"https:\/\/archivio.cercoiltuovolto.it\/?p=231990"},"modified":"2011-03-30T08:26:29","modified_gmt":"2011-03-30T08:26:29","slug":"commento-al-vangelo-del-3-aprile-2011-don-claudio-doglio","status":"publish","type":"post","link":"https:\/\/archivio.cercoiltuovolto.it\/?p=231990","title":{"rendered":"Commento al Vangelo del 3 aprile 2011 &#8211; don Claudio Doglio"},"content":{"rendered":"<p style=\"text-align: center;\">\n<p style=\"text-align: justify;\">Il commento alle Letture della <strong>IV Domenica di Quaresima<\/strong> a cura di don Claudio Doglio.<\/p>\n<blockquote>\n<p style=\"text-align: justify;\"><em>Gv 9,1-41<\/em><br \/> <em>Dal Vangelo secondo Giovanni<\/em><br \/> In quel tempo, Ges\u00f9 passando vide un uomo cieco dalla nascita e i suoi discepoli lo interrogarono: \u00abRabb\u00ec, chi ha peccato, lui o i suoi genitori, perch\u00e9 sia nato cieco?\u00bb. Rispose Ges\u00f9: \u00abN\u00e9 lui ha peccato n\u00e9 i suoi genitori, ma \u00e8 perch\u00e9 in lui siano manifestate le opere di Dio. Bisogna che noi compiamo le opere di colui che mi ha mandato finch\u00e9 \u00e8 giorno; poi viene la notte, quando nessuno pu\u00f2 agire. Finch\u00e9 io sono nel mondo, sono la luce del mondo\u00bb.<br \/> Detto questo, sput\u00f2 per terra, fece del fango con la saliva, spalm\u00f2 il fango sugli occhi del cieco e gli disse: \u00abVa\u2019 a lavarti nella piscina di S\u00ecloe\u00bb, che significa \u201cInviato\u201d. Quegli and\u00f2, si lav\u00f2 e torn\u00f2 che ci vedeva.<br \/> Allora i vicini e quelli che lo avevano visto prima, perch\u00e9 era un mendicante, dicevano: \u00abNon \u00e8 lui quello che stava seduto a chiedere l\u2019elemosina?\u00bb. Alcuni dicevano: \u00ab\u00c8 lui\u00bb; altri dicevano: \u00abNo, ma \u00e8 uno che gli assomiglia\u00bb. Ed egli diceva: \u00abSono io!\u00bb. Allora gli domandarono: \u00abIn che modo ti sono stati aperti gli occhi?\u00bb. Egli rispose: \u00abL\u2019uomo che si chiama Ges\u00f9 ha fatto del fango, me lo ha spalmato sugli occhi e mi ha detto: \u201cVa\u2019 a S\u00ecloe e l\u00e0vati!\u201d. Io sono andato, mi sono lavato e ho acquistato la vista\u00bb. Gli dissero: \u00abDov\u2019\u00e8 costui?\u00bb. Rispose: \u00abNon lo so\u00bb.<br \/> Condussero dai farisei quello che era stato cieco: era un sabato, il giorno in cui Ges\u00f9 aveva fatto del fango e gli aveva aperto gli occhi. Anche i farisei dunque gli chiesero di nuovo come aveva acquistato la vista. Ed egli disse loro: \u00abMi ha messo del fango sugli occhi, mi sono lavato e ci vedo\u00bb. Allora alcuni dei farisei dicevano: \u00abQuest\u2019uomo non viene da Dio, perch\u00e9 non osserva il sabato\u00bb. Altri invece dicevano: \u00abCome pu\u00f2 un peccatore compiere segni di questo genere?\u00bb. E c\u2019era dissenso tra loro. Allora dissero di nuovo al cieco: \u00abTu, che cosa dici di lui, dal momento che ti ha aperto gli occhi?\u00bb. Egli rispose: \u00ab\u00c8 un profeta!\u00bb. Ma i Giudei non credettero di lui che fosse stato cieco e che avesse acquistato la vista, finch\u00e9 non chiamarono i genitori di colui che aveva ricuperato la vista. E li interrogarono: \u00ab\u00c8 questo il vostro figlio, che voi dite essere nato cieco? Come mai ora ci vede?\u00bb. I genitori di lui risposero: \u00abSappiamo che questo \u00e8 nostro figlio e che \u00e8 nato cieco; ma come ora ci veda non lo sappiamo, e chi gli abbia aperto gli occhi, noi non lo sappiamo. Chiedetelo a lui: ha l\u2019et\u00e0, parler\u00e0 lui di s\u00e9\u00bb. Questo dissero i suoi genitori, perch\u00e9 avevano paura dei Giudei; infatti i Giudei avevano gi\u00e0 stabilito che, se uno lo avesse riconosciuto come il Cristo, venisse espulso dalla sinagoga. Per questo i suoi genitori dissero: \u00abHa l\u2019et\u00e0: chiedetelo a lui!\u00bb.<br \/> Allora chiamarono di nuovo l\u2019uomo che era stato cieco e gli dissero: \u00abDa\u2019 gloria a Dio! Noi sappiamo che quest\u2019uomo \u00e8 un peccatore\u00bb. Quello rispose: \u00abSe sia un peccatore, non lo so. Una cosa io so: ero cieco e ora ci vedo\u00bb. Allora gli dissero: \u00abChe cosa ti ha fatto? Come ti ha aperto gli occhi?\u00bb. Rispose loro: \u00abVe l\u2019ho gi\u00e0 detto e non avete ascoltato; perch\u00e9 volete udirlo di nuovo? Volete forse diventare anche voi suoi discepoli?\u00bb. Lo insultarono e dissero: \u00abSuo discepolo sei tu! Noi siamo discepoli di Mos\u00e8! Noi sappiamo che a Mos\u00e8 ha parlato Dio; ma costui non sappiamo di dove sia\u00bb. Rispose loro quell\u2019uomo: \u00abProprio questo stupisce: che voi non sapete di dove sia, eppure mi ha aperto gli occhi. Sappiamo che Dio non ascolta i peccatori, ma che, se uno onora Dio e fa la sua volont\u00e0, egli lo ascolta. Da che mondo \u00e8 mondo, non si \u00e8 mai sentito dire che uno abbia aperto gli occhi a un cieco nato. Se costui non venisse da Dio, non avrebbe potuto far nulla\u00bb. Gli replicarono: \u00abSei nato tutto nei peccati e insegni a noi?\u00bb. E lo cacciarono fuori.<br \/> Ges\u00f9 seppe che l\u2019avevano cacciato fuori; quando lo trov\u00f2, gli disse: \u00abTu, credi nel Figlio dell\u2019uomo?\u00bb. Egli rispose: \u00abE chi \u00e8, Signore, perch\u00e9 io creda in lui?\u00bb. Gli disse Ges\u00f9: \u00abLo hai visto: \u00e8 colui che parla con te\u00bb. Ed egli disse: \u00abCredo, Signore!\u00bb. E si prostr\u00f2 dinanzi a lui. Ges\u00f9 allora disse: \u00ab\u00c8 per un giudizio che io sono venuto in questo mondo, perch\u00e9 coloro che non vedono, vedano e quelli che vedono, diventino ciechi\u00bb. Alcuni dei farisei che erano con lui udirono queste parole e gli dissero: \u00abSiamo ciechi anche noi?\u00bb. Ges\u00f9 rispose loro: \u00abSe foste ciechi, non avreste alcun peccato; ma siccome dite: \u201cNoi vediamo\u201d, il vostro peccato rimane\u00bb.<br \/> C: Parola del Signore.<br \/> A: Lode a Te o Cristo.<\/p>\n<\/blockquote>\n<p class=\"link\" style=\"text-align: left;\"><a href=\"http:\/\/www.youtube.com\/watch?v=kg0AbT0d1Xs&amp;feature=player_embedded\">Link al Video<\/a><\/p>\n","protected":false},"excerpt":{"rendered":"<p>Il commento alle Letture della IV Domenica di Quaresima a cura di don Claudio Doglio. Gv 9,1-41 Dal Vangelo secondo Giovanni In quel tempo, Ges\u00f9 passando vide un uomo cieco dalla nascita e i suoi discepoli lo interrogarono: \u00abRabb\u00ec, chi ha peccato, lui o i suoi genitori, perch\u00e9 sia nato cieco?\u00bb. Rispose Ges\u00f9: \u00abN\u00e9 lui&#8230;<\/p>\n","protected":false},"author":3,"featured_media":0,"comment_status":"closed","ping_status":"closed","sticky":false,"template":"","format":"standard","meta":{"_kad_post_transparent":"","_kad_post_title":"","_kad_post_layout":"","_kad_post_sidebar_id":"","_kad_post_content_style":"","_kad_post_vertical_padding":"","_kad_post_feature":"","_kad_post_feature_position":"","_kad_post_header":false,"_kad_post_footer":false,"_kad_post_classname":"","footnotes":""},"categories":[101,147],"tags":[208,174,24],"class_list":["post-231990","post","type-post","status-publish","format-standard","hentry","category-101","category-commento-al-vangelo","tag-don-claudio-doglio","tag-quaresima","tag-televisione"],"_links":{"self":[{"href":"https:\/\/archivio.cercoiltuovolto.it\/index.php?rest_route=\/wp\/v2\/posts\/231990","targetHints":{"allow":["GET"]}}],"collection":[{"href":"https:\/\/archivio.cercoiltuovolto.it\/index.php?rest_route=\/wp\/v2\/posts"}],"about":[{"href":"https:\/\/archivio.cercoiltuovolto.it\/index.php?rest_route=\/wp\/v2\/types\/post"}],"author":[{"embeddable":true,"href":"https:\/\/archivio.cercoiltuovolto.it\/index.php?rest_route=\/wp\/v2\/users\/3"}],"replies":[{"embeddable":true,"href":"https:\/\/archivio.cercoiltuovolto.it\/index.php?rest_route=%2Fwp%2Fv2%2Fcomments&post=231990"}],"version-history":[{"count":0,"href":"https:\/\/archivio.cercoiltuovolto.it\/index.php?rest_route=\/wp\/v2\/posts\/231990\/revisions"}],"wp:attachment":[{"href":"https:\/\/archivio.cercoiltuovolto.it\/index.php?rest_route=%2Fwp%2Fv2%2Fmedia&parent=231990"}],"wp:term":[{"taxonomy":"category","embeddable":true,"href":"https:\/\/archivio.cercoiltuovolto.it\/index.php?rest_route=%2Fwp%2Fv2%2Fcategories&post=231990"},{"taxonomy":"post_tag","embeddable":true,"href":"https:\/\/archivio.cercoiltuovolto.it\/index.php?rest_route=%2Fwp%2Fv2%2Ftags&post=231990"}],"curies":[{"name":"wp","href":"https:\/\/api.w.org\/{rel}","templated":true}]}}