{"id":231984,"date":"2011-03-26T23:36:01","date_gmt":"2011-03-26T23:36:01","guid":{"rendered":"https:\/\/archivio.cercoiltuovolto.it\/?p=231984"},"modified":"2011-03-26T23:36:01","modified_gmt":"2011-03-26T23:36:01","slug":"commento-al-vangelo-di-domenica-27-marzo-2011-padre-bruno-secondin","status":"publish","type":"post","link":"https:\/\/archivio.cercoiltuovolto.it\/?p=231984","title":{"rendered":"Commento al Vangelo di domenica 27 marzo 2011 &#8211; padre Bruno Secondin"},"content":{"rendered":"<p style=\"text-align: center;\"><img loading=\"lazy\" decoding=\"async\" class=\"aligncenter size-full wp-image-14846\" title=\"padre carmelitano Bruno Secondin\" src=\"http:\/\/www.cercoiltuovolto.it\/wp\/wp-content\/uploads\/2010\/11\/secondin.png\" alt=\"\" width=\"412\" height=\"132\" \/><\/p>\n<p style=\"text-align: justify;\">In  questa terza Domenica di Quaresima, la liturgia ci propone l\u2019intenso  dialogo tra Ges\u00f9 e una donna samaritana giunta presso un pozzo per  attingere acqua. Ges\u00f9 le dice:<\/p>\n<blockquote>\n<p style=\"text-align: justify;\">\u00abChiunque beve di quest\u2019acqua avr\u00e0 di nuovo sete; ma chi berr\u00e0 dell\u2019acqua che io gli dar\u00f2, non avr\u00e0 pi\u00f9 sete in eterno. Anzi, l\u2019acqua che io gli dar\u00f2 diventer\u00e0 in lui una sorgente d\u2019acqua che zampilla per la vita eterna\u00bb.<\/p>\n<\/blockquote>\n<p>Su questo brano del Vangelo,  ascoltiamo il commento del carmelitano, padre Bruno Secondin,  docente di Teologia spirituale alla Pontificia Universit\u00e0 Gregoriana:<\/p>\n<blockquote>\n<p style=\"text-align: justify;\">Un dialogo vivace a ritmo di donna quello che il Vangelo di oggi ci offre. Presso un pozzo, nell\u2019ora pi\u00f9 calda, Ges\u00f9 solo e assetato chiede dell\u2019acqua ad una samaritana che va ad attingerla, tutta sola. Da l\u00ec si apre un dialogo, che svela reciprocamente l\u2019uno all\u2019altra, in un gioco curioso di provocazioni, civetterie e paziente ascolto. Ges\u00f9 non ha fretta di far capire alla donna che la conosce, e sa quanta sete di affetto mal vissuto essa abbia nel cuore. Ma arriva anche il momento in cui la donna si sente conosciuta e rispettata, nonostante tutto. E Ges\u00f9 rivela se stesso \u2013 a lei per prima! \u2013 come il Messia atteso. Quella donna, nonostante cinque mariti e ora un sesto compagno, non ha saziato la sete di amore. Questo strano rabb\u00ec, ha scoperto la ferita profonda, ma senza umiliarla: si sente conosciuta, eppure rispettata. Proprio per questo si convince che ha incontrato un uomo straordinario: \u201cMi ha detto tutto quello che ho fatto. Che sia lui il Cristo?\u201d. \u00c8 la prima annunciatrice di una presenza che tutti attendevano. Un intero villaggio esce a incontrare l\u2019ospite, e alla fine in tanti riconoscono in Ges\u00f9 \u201cil Salvatore del mondo\u201d. Possiamo riconoscere la forza di circostanze fragili, di risorse che sembrano senza valore. Quando la nostra sete si incontra con l\u2019acqua viva di Dio, tutto si rinnova.<\/p>\n<\/blockquote>\n<p class=\"link\" style=\"text-align: justify;\">Fonte: <a href=\"http:\/\/www.oecumene.radiovaticana.org\/IT1\/articolo.asp?c=473214\" target=\"_blank\">RadioVaticana<\/a><\/p>\n<div class=\"powerpressbox\">[powerpress]<\/div>\n","protected":false},"excerpt":{"rendered":"<p>In questa terza Domenica di Quaresima, la liturgia ci propone l\u2019intenso dialogo tra Ges\u00f9 e una donna samaritana giunta presso un pozzo per attingere acqua. Ges\u00f9 le dice: \u00abChiunque beve di quest\u2019acqua avr\u00e0 di nuovo sete; ma chi berr\u00e0 dell\u2019acqua che io gli dar\u00f2, non avr\u00e0 pi\u00f9 sete in eterno. Anzi, l\u2019acqua che io gli&#8230;<\/p>\n","protected":false},"author":3,"featured_media":0,"comment_status":"closed","ping_status":"closed","sticky":false,"template":"","format":"standard","meta":{"_kad_post_transparent":"","_kad_post_title":"","_kad_post_layout":"","_kad_post_sidebar_id":"","_kad_post_content_style":"","_kad_post_vertical_padding":"","_kad_post_feature":"","_kad_post_feature_position":"","_kad_post_header":false,"_kad_post_footer":false,"_kad_post_classname":"","footnotes":""},"categories":[101,147],"tags":[174,27,172],"class_list":["post-231984","post","type-post","status-publish","format-standard","hentry","category-101","category-commento-al-vangelo","tag-quaresima","tag-radio-vaticana","tag-vangelo-della-domenica"],"_links":{"self":[{"href":"https:\/\/archivio.cercoiltuovolto.it\/index.php?rest_route=\/wp\/v2\/posts\/231984","targetHints":{"allow":["GET"]}}],"collection":[{"href":"https:\/\/archivio.cercoiltuovolto.it\/index.php?rest_route=\/wp\/v2\/posts"}],"about":[{"href":"https:\/\/archivio.cercoiltuovolto.it\/index.php?rest_route=\/wp\/v2\/types\/post"}],"author":[{"embeddable":true,"href":"https:\/\/archivio.cercoiltuovolto.it\/index.php?rest_route=\/wp\/v2\/users\/3"}],"replies":[{"embeddable":true,"href":"https:\/\/archivio.cercoiltuovolto.it\/index.php?rest_route=%2Fwp%2Fv2%2Fcomments&post=231984"}],"version-history":[{"count":0,"href":"https:\/\/archivio.cercoiltuovolto.it\/index.php?rest_route=\/wp\/v2\/posts\/231984\/revisions"}],"wp:attachment":[{"href":"https:\/\/archivio.cercoiltuovolto.it\/index.php?rest_route=%2Fwp%2Fv2%2Fmedia&parent=231984"}],"wp:term":[{"taxonomy":"category","embeddable":true,"href":"https:\/\/archivio.cercoiltuovolto.it\/index.php?rest_route=%2Fwp%2Fv2%2Fcategories&post=231984"},{"taxonomy":"post_tag","embeddable":true,"href":"https:\/\/archivio.cercoiltuovolto.it\/index.php?rest_route=%2Fwp%2Fv2%2Ftags&post=231984"}],"curies":[{"name":"wp","href":"https:\/\/api.w.org\/{rel}","templated":true}]}}