{"id":231977,"date":"2011-03-24T14:59:44","date_gmt":"2011-03-24T14:59:44","guid":{"rendered":"https:\/\/archivio.cercoiltuovolto.it\/?p=231977"},"modified":"2011-03-24T14:59:44","modified_gmt":"2011-03-24T14:59:44","slug":"commento-al-vangelo-del-27-marzo-2010-don-mauro-pozzi","status":"publish","type":"post","link":"https:\/\/archivio.cercoiltuovolto.it\/?p=231977","title":{"rendered":"Commento al Vangelo del 27 marzo 2010 &#8211; don Mauro Pozzi"},"content":{"rendered":"<p style=\"text-align: justify;\">Il commento al Vangelo della domenica a cura di don Mauro Pozzi parroco della Parrocchia S. Giovanni Battista, Novara.<\/p>\n<blockquote>\n<p>ACQUA VIVA<\/p>\n<p>Ges\u00f9 \u00e8 stanco e assetato, fa caldo ed \u00e8 mezzogiorno. \u00c8 ora di mangiare, infatti i discepoli sono andati a prendere del cibo in citt\u00e0. Nel rivelare tutta l\u2019umanit\u00e0 del Maestro l\u2019evangelista introduce i veri protagonisti di questa storia: la sete e l\u2019acqua. Ges\u00f9 si rivolge a una donna straniera. I samaritani erano il resto degli ebrei del nord che, scampati alla deportazione assira, erano rimasti in patria ma si erano assimilati con le popolazioni pagane e per questo, pur avendo con- servato il culto e la legge, non erano stimati veri ebrei. Le donne poi non godevano di grande considerazione a quei tempi. Ges\u00f9 si manifesta anche per questi stranieri cominciando a far capire l\u2019universalit\u00e0 del suo messaggio e sceglie una donna, cio\u00e8 un testimone \u201cdebole\u201d, come ha fatto per la sua resurrezione, per confondere i forti (1Cor 1,27), per mostrare che il suo Regno si afferma grazie a Dio e non agli uomini. Al capitolo 25 del vangelo di Matteo, nel brano del giudizio finale, Ges\u00f9 dice che gli eletti lo hanno dissetato quando hanno dato da bere a chi ne aveva bisogno. L\u2019uomo bisognoso \u00e8 immagine del corpo stanco e assetato del Signore che chiede da bere a noi. I grandi santi della carit\u00e0 hanno adorato il Cristo nei poveri dandoci l\u2019esempio. In cambio della tua acqua, ci dice Ges\u00f9, io ti dar\u00f2 la mia, che sazier\u00e0 la tua sete per sempre, anzi far\u00e0 di te una sorgente. Il primo incontro con questa fonte \u00e8 stato il nostro battesimo, che \u00e8 una rigenerazione, una morte e una resurrezione. Il Signore propone questa rinascita alla donna, la quale risponde in modo un po\u2019 aspro: s\u00ec dammi la tua acqua cos\u00ec risparmio la fatica di venire ad attingere tut- ti i giorni. Non capisce veramente quello il Maestro le sta offrendo e lui, come sempre con delicatezza, le fa vedere che legge nel suo cuore. Non c\u2019\u00e8 giudizio nelle sue parole, solo una sottile ironia che fa eco a quella della donna. L\u2019atmosfera cambia, ella capisce che \u00e8 un maestro che le parla, ma insiste ancora sulla diversit\u00e0 del culto. Bisogna adorare in spirito e verit\u00e0, si pu\u00f2 andare al tempio senza fede o a messa senza ascoltare nemmeno una parola: quello che conta \u00e8 il cuore e lo Spirito che lo abita. La donna scappa in citt\u00e0 e lascia l\u00ec la brocca. \u00c8 venuta per attingere, ma ha trovato qualcosa di molto pi\u00f9 dissetante e, proprio come diceva Ges\u00f9, diventa lei stessa sorgente per i suoi concittadini, invitandoli a conoscerlo e incontrarlo. Lasciamo anche noi la nostra brocca ai piedi di Ges\u00f9 perch\u00e9 ce la riempia della sua acqua viva.<\/p>\n<\/blockquote>\n<p class=\"link\"><a href=\"http:\/\/www.youtube.com\/watch?v=-5bKpI08Yd4\"> Link al video<\/a><\/p>\n","protected":false},"excerpt":{"rendered":"<p>Il commento al Vangelo della domenica a cura di don Mauro Pozzi parroco della Parrocchia S. Giovanni Battista, Novara.<\/p>\n","protected":false},"author":3,"featured_media":0,"comment_status":"closed","ping_status":"closed","sticky":false,"template":"","format":"standard","meta":{"_kad_post_transparent":"","_kad_post_title":"","_kad_post_layout":"","_kad_post_sidebar_id":"","_kad_post_content_style":"","_kad_post_vertical_padding":"","_kad_post_feature":"","_kad_post_feature_position":"","_kad_post_header":false,"_kad_post_footer":false,"_kad_post_classname":"","footnotes":""},"categories":[101,147],"tags":[388,174,172],"class_list":["post-231977","post","type-post","status-publish","format-standard","hentry","category-101","category-commento-al-vangelo","tag-don-mauro-pozzi","tag-quaresima","tag-vangelo-della-domenica"],"_links":{"self":[{"href":"https:\/\/archivio.cercoiltuovolto.it\/index.php?rest_route=\/wp\/v2\/posts\/231977","targetHints":{"allow":["GET"]}}],"collection":[{"href":"https:\/\/archivio.cercoiltuovolto.it\/index.php?rest_route=\/wp\/v2\/posts"}],"about":[{"href":"https:\/\/archivio.cercoiltuovolto.it\/index.php?rest_route=\/wp\/v2\/types\/post"}],"author":[{"embeddable":true,"href":"https:\/\/archivio.cercoiltuovolto.it\/index.php?rest_route=\/wp\/v2\/users\/3"}],"replies":[{"embeddable":true,"href":"https:\/\/archivio.cercoiltuovolto.it\/index.php?rest_route=%2Fwp%2Fv2%2Fcomments&post=231977"}],"version-history":[{"count":0,"href":"https:\/\/archivio.cercoiltuovolto.it\/index.php?rest_route=\/wp\/v2\/posts\/231977\/revisions"}],"wp:attachment":[{"href":"https:\/\/archivio.cercoiltuovolto.it\/index.php?rest_route=%2Fwp%2Fv2%2Fmedia&parent=231977"}],"wp:term":[{"taxonomy":"category","embeddable":true,"href":"https:\/\/archivio.cercoiltuovolto.it\/index.php?rest_route=%2Fwp%2Fv2%2Fcategories&post=231977"},{"taxonomy":"post_tag","embeddable":true,"href":"https:\/\/archivio.cercoiltuovolto.it\/index.php?rest_route=%2Fwp%2Fv2%2Ftags&post=231977"}],"curies":[{"name":"wp","href":"https:\/\/api.w.org\/{rel}","templated":true}]}}